


{"id":96,"date":"2012-03-20T08:00:42","date_gmt":"2012-03-20T07:00:42","guid":{"rendered":"http:\/\/www.zupa-biskupec.com\/w_p\/?p=96"},"modified":"2014-03-12T11:48:28","modified_gmt":"2014-03-12T10:48:28","slug":"krizma-i-prva-pricest","status":"publish","type":"post","link":"https:\/\/www.zupa-ubdm-biskupec.hr\/?p=96","title":{"rendered":"KRIZMA I PRVA PRI\u010cEST"},"content":{"rendered":"<p><img decoding=\"async\" src=\"images\/krizma.jpg\" border=\"0\" width=\"150\" height=\"150\" align=\"BOTTOM\" name=\"graphics2\" \/><\/p>\n<p>Ove godine najprije na red dolaze na\u0161i kandidati za Krizmu. Oni \u0107e ovaj sakrament i snagu Duha Svetoga primiti u subotu, <br \/>21. travnja u 10 sati. Ovo veliko slavlje predvodit \u0107e na\u0161 biskup, mons. Josip Mrzljak.<\/p>\n<p><img decoding=\"async\" src=\"images\/pricest.jpg\" border=\"0\" width=\"150\" height=\"130\" align=\"BOTTOM\" name=\"graphics3\" \/><\/p>\n<p>Na\u0161i kandidati za Prvu Pri\u010dest po prvi puta \u0107e pristupiti oltaru Gospodnjem u nedjelju, 20. svibnja u 10 sati. <br \/>I jedne i druge preporu\u010dujemo u Va\u0161e molitve, kako bi primanje ovih sakramenata za njih bilo plodonosno.<\/p>\n","protected":false},"excerpt":{"rendered":"<p>Ove godine najprije na red dolaze na\u0161i kandidati za Krizmu. Oni \u0107e ovaj sakrament i snagu Duha Svetoga primiti [&hellip;]<\/p>\n","protected":false},"author":1,"featured_media":0,"comment_status":"closed","ping_status":"closed","sticky":false,"template":"","format":"standard","meta":{"footnotes":""},"categories":[1],"tags":[],"class_list":["post-96","post","type-post","status-publish","format-standard","hentry","category-novosti-iz-zupe"],"aioseo_notices":[],"_links":{"self":[{"href":"https:\/\/www.zupa-ubdm-biskupec.hr\/index.php?rest_route=\/wp\/v2\/posts\/96","targetHints":{"allow":["GET"]}}],"collection":[{"href":"https:\/\/www.zupa-ubdm-biskupec.hr\/index.php?rest_route=\/wp\/v2\/posts"}],"about":[{"href":"https:\/\/www.zupa-ubdm-biskupec.hr\/index.php?rest_route=\/wp\/v2\/types\/post"}],"author":[{"embeddable":true,"href":"https:\/\/www.zupa-ubdm-biskupec.hr\/index.php?rest_route=\/wp\/v2\/users\/1"}],"replies":[{"embeddable":true,"href":"https:\/\/www.zupa-ubdm-biskupec.hr\/index.php?rest_route=%2Fwp%2Fv2%2Fcomments&post=96"}],"version-history":[{"count":1,"href":"https:\/\/www.zupa-ubdm-biskupec.hr\/index.php?rest_route=\/wp\/v2\/posts\/96\/revisions"}],"predecessor-version":[{"id":540,"href":"https:\/\/www.zupa-ubdm-biskupec.hr\/index.php?rest_route=\/wp\/v2\/posts\/96\/revisions\/540"}],"wp:attachment":[{"href":"https:\/\/www.zupa-ubdm-biskupec.hr\/index.php?rest_route=%2Fwp%2Fv2%2Fmedia&parent=96"}],"wp:term":[{"taxonomy":"category","embeddable":true,"href":"https:\/\/www.zupa-ubdm-biskupec.hr\/index.php?rest_route=%2Fwp%2Fv2%2Fcategories&post=96"},{"taxonomy":"post_tag","embeddable":true,"href":"https:\/\/www.zupa-ubdm-biskupec.hr\/index.php?rest_route=%2Fwp%2Fv2%2Ftags&post=96"}],"curies":[{"name":"wp","href":"https:\/\/api.w.org\/{rel}","templated":true}]}}