


{"id":940,"date":"2014-07-07T01:58:06","date_gmt":"2014-07-06T23:58:06","guid":{"rendered":"http:\/\/www.zupa-biskupec.com\/?p=940"},"modified":"2014-07-07T02:10:58","modified_gmt":"2014-07-07T00:10:58","slug":"marija-bistrica-3","status":"publish","type":"post","link":"https:\/\/www.zupa-ubdm-biskupec.hr\/?p=940","title":{"rendered":"MARIJA BISTRICA"},"content":{"rendered":"<p>Proteklog vikenda <strong>na\u0161a \u017eupa bila je organizator<\/strong> ovogodi\u0161njeg <strong>325. zavjetnog hodo\u010da\u0161\u0107a grada Vara\u017edina<\/strong> Majci Bo\u017ejoj Bistri\u010dkoj. Subotnjom svetom misom u 2:30 zapo\u010delo je hodo\u010da\u0161\u0107e nakon kojeg su hodo\u010dasnici pje\u0161aci krenuli prema Mariji Bistrici. \u017dupni zborovi Sion i BeDeM <strong>animirali su<\/strong> subotnju ve\u010dernju <strong>svetu misu<\/strong>, te ve\u010dernju procesiju <strong>Put svjetla<\/strong>. <strong>Nedjeljna sveta misa<\/strong>, kao i jutarnji <strong>Kri\u017eni put<\/strong><\/strong> po Kalvariji bio je animiran od strane zborova, tj. novoosnovanog pjeva\u010dkog dru\u0161tva Bi\u0161kupec.<br \/>\n[foldergallery folder=&#8221;images\/marija_bistrica_2014&#8243; title=&#8221;klikni na sliku za galeriju&#8221; columns=1 width=150 height=225 border=2 padding=2 margin=10 thumbnails=single]<\/p>\n","protected":false},"excerpt":{"rendered":"<p>Proteklog vikenda na\u0161a \u017eupa bila je organizator ovogodi\u0161njeg 325. zavjetnog hodo\u010da\u0161\u0107a grada Vara\u017edina Majci Bo\u017ejoj Bistri\u010dkoj. Subotnjom svetom misom [&hellip;]<\/p>\n","protected":false},"author":1,"featured_media":0,"comment_status":"closed","ping_status":"closed","sticky":false,"template":"","format":"standard","meta":{"footnotes":""},"categories":[1],"tags":[],"class_list":["post-940","post","type-post","status-publish","format-standard","hentry","category-novosti-iz-zupe"],"aioseo_notices":[],"_links":{"self":[{"href":"https:\/\/www.zupa-ubdm-biskupec.hr\/index.php?rest_route=\/wp\/v2\/posts\/940","targetHints":{"allow":["GET"]}}],"collection":[{"href":"https:\/\/www.zupa-ubdm-biskupec.hr\/index.php?rest_route=\/wp\/v2\/posts"}],"about":[{"href":"https:\/\/www.zupa-ubdm-biskupec.hr\/index.php?rest_route=\/wp\/v2\/types\/post"}],"author":[{"embeddable":true,"href":"https:\/\/www.zupa-ubdm-biskupec.hr\/index.php?rest_route=\/wp\/v2\/users\/1"}],"replies":[{"embeddable":true,"href":"https:\/\/www.zupa-ubdm-biskupec.hr\/index.php?rest_route=%2Fwp%2Fv2%2Fcomments&post=940"}],"version-history":[{"count":2,"href":"https:\/\/www.zupa-ubdm-biskupec.hr\/index.php?rest_route=\/wp\/v2\/posts\/940\/revisions"}],"predecessor-version":[{"id":942,"href":"https:\/\/www.zupa-ubdm-biskupec.hr\/index.php?rest_route=\/wp\/v2\/posts\/940\/revisions\/942"}],"wp:attachment":[{"href":"https:\/\/www.zupa-ubdm-biskupec.hr\/index.php?rest_route=%2Fwp%2Fv2%2Fmedia&parent=940"}],"wp:term":[{"taxonomy":"category","embeddable":true,"href":"https:\/\/www.zupa-ubdm-biskupec.hr\/index.php?rest_route=%2Fwp%2Fv2%2Fcategories&post=940"},{"taxonomy":"post_tag","embeddable":true,"href":"https:\/\/www.zupa-ubdm-biskupec.hr\/index.php?rest_route=%2Fwp%2Fv2%2Ftags&post=940"}],"curies":[{"name":"wp","href":"https:\/\/api.w.org\/{rel}","templated":true}]}}