


{"id":895,"date":"2014-06-20T14:06:37","date_gmt":"2014-06-20T12:06:37","guid":{"rendered":"http:\/\/www.zupa-biskupec.com\/?p=895"},"modified":"2014-06-20T14:13:38","modified_gmt":"2014-06-20T12:13:38","slug":"zavjetno-hodocasce-grada-varazdina","status":"publish","type":"post","link":"https:\/\/www.zupa-ubdm-biskupec.hr\/?p=895","title":{"rendered":"ZAVJETNO HODO\u010cA\u0160\u0106E GRADA VARA\u017dDINA"},"content":{"rendered":"<p>Ove godine, <strong>zavjetno hodo\u010da\u0161\u0107e<\/strong> grada Vara\u017edina <strong>na Mariju Bistricu<\/strong>, bit \u0107e u <strong>nedjelju 6. srpnja<\/strong>. Na\u0161a \u017eupa predvodi misno slavlje.Kao i obi\u010dno, organizirati \u0107emo i autobus. Molimo one koji planiraju i\u0107i autobusom da se \u0161to prije jave zvonaru i rezerviraju mjesto. Povratna karta iz Bi\u0161kupca stoji 50 kn.<\/p>\n<p>[foldergallery folder=&#8221;images\/mb2014&#8243; title=&#8221;klikni za uve\u0107anje&#8221; columns=1 width=150 height=225 border=2 padding=2 margin=10 thumbnails=single]<\/p>\n","protected":false},"excerpt":{"rendered":"<p>Ove godine, zavjetno hodo\u010da\u0161\u0107e grada Vara\u017edina na Mariju Bistricu, bit \u0107e u nedjelju 6. srpnja. Na\u0161a \u017eupa predvodi misno [&hellip;]<\/p>\n","protected":false},"author":1,"featured_media":0,"comment_status":"closed","ping_status":"closed","sticky":false,"template":"","format":"standard","meta":{"footnotes":""},"categories":[1],"tags":[],"class_list":["post-895","post","type-post","status-publish","format-standard","hentry","category-novosti-iz-zupe"],"aioseo_notices":[],"_links":{"self":[{"href":"https:\/\/www.zupa-ubdm-biskupec.hr\/index.php?rest_route=\/wp\/v2\/posts\/895","targetHints":{"allow":["GET"]}}],"collection":[{"href":"https:\/\/www.zupa-ubdm-biskupec.hr\/index.php?rest_route=\/wp\/v2\/posts"}],"about":[{"href":"https:\/\/www.zupa-ubdm-biskupec.hr\/index.php?rest_route=\/wp\/v2\/types\/post"}],"author":[{"embeddable":true,"href":"https:\/\/www.zupa-ubdm-biskupec.hr\/index.php?rest_route=\/wp\/v2\/users\/1"}],"replies":[{"embeddable":true,"href":"https:\/\/www.zupa-ubdm-biskupec.hr\/index.php?rest_route=%2Fwp%2Fv2%2Fcomments&post=895"}],"version-history":[{"count":4,"href":"https:\/\/www.zupa-ubdm-biskupec.hr\/index.php?rest_route=\/wp\/v2\/posts\/895\/revisions"}],"predecessor-version":[{"id":899,"href":"https:\/\/www.zupa-ubdm-biskupec.hr\/index.php?rest_route=\/wp\/v2\/posts\/895\/revisions\/899"}],"wp:attachment":[{"href":"https:\/\/www.zupa-ubdm-biskupec.hr\/index.php?rest_route=%2Fwp%2Fv2%2Fmedia&parent=895"}],"wp:term":[{"taxonomy":"category","embeddable":true,"href":"https:\/\/www.zupa-ubdm-biskupec.hr\/index.php?rest_route=%2Fwp%2Fv2%2Fcategories&post=895"},{"taxonomy":"post_tag","embeddable":true,"href":"https:\/\/www.zupa-ubdm-biskupec.hr\/index.php?rest_route=%2Fwp%2Fv2%2Ftags&post=895"}],"curies":[{"name":"wp","href":"https:\/\/api.w.org\/{rel}","templated":true}]}}