


{"id":860,"date":"2014-05-11T02:59:24","date_gmt":"2014-05-11T00:59:24","guid":{"rendered":"http:\/\/www.zupa-biskupec.com\/?p=860"},"modified":"2014-05-11T02:59:24","modified_gmt":"2014-05-11T00:59:24","slug":"predstavljanje-novog-zupnog-pastoralnog-vijeca","status":"publish","type":"post","link":"https:\/\/www.zupa-ubdm-biskupec.hr\/?p=860","title":{"rendered":"PREDSTAVLJANJE NOVOG \u017dUPNOG PASTORALNOG VIJE\u0106A"},"content":{"rendered":"<p>Idu\u0107e nedjelje, <strong>18. svibnja<\/strong>, za vrijeme \u017eupne sv. Mise, bit \u0107e <strong>predstavljanje novih \u010dlanova \u017dupnoga pastoralnog vije\u0107a<\/strong>. Tom prigodom, vije\u0107nici \u0107e dati sve\u010danu zakletvu.<\/p>\n","protected":false},"excerpt":{"rendered":"<p>Idu\u0107e nedjelje, 18. svibnja, za vrijeme \u017eupne sv. Mise, bit \u0107e predstavljanje novih \u010dlanova \u017dupnoga pastoralnog vije\u0107a. Tom prigodom, [&hellip;]<\/p>\n","protected":false},"author":1,"featured_media":0,"comment_status":"closed","ping_status":"closed","sticky":false,"template":"","format":"standard","meta":{"footnotes":""},"categories":[1],"tags":[],"class_list":["post-860","post","type-post","status-publish","format-standard","hentry","category-novosti-iz-zupe"],"aioseo_notices":[],"_links":{"self":[{"href":"https:\/\/www.zupa-ubdm-biskupec.hr\/index.php?rest_route=\/wp\/v2\/posts\/860","targetHints":{"allow":["GET"]}}],"collection":[{"href":"https:\/\/www.zupa-ubdm-biskupec.hr\/index.php?rest_route=\/wp\/v2\/posts"}],"about":[{"href":"https:\/\/www.zupa-ubdm-biskupec.hr\/index.php?rest_route=\/wp\/v2\/types\/post"}],"author":[{"embeddable":true,"href":"https:\/\/www.zupa-ubdm-biskupec.hr\/index.php?rest_route=\/wp\/v2\/users\/1"}],"replies":[{"embeddable":true,"href":"https:\/\/www.zupa-ubdm-biskupec.hr\/index.php?rest_route=%2Fwp%2Fv2%2Fcomments&post=860"}],"version-history":[{"count":1,"href":"https:\/\/www.zupa-ubdm-biskupec.hr\/index.php?rest_route=\/wp\/v2\/posts\/860\/revisions"}],"predecessor-version":[{"id":861,"href":"https:\/\/www.zupa-ubdm-biskupec.hr\/index.php?rest_route=\/wp\/v2\/posts\/860\/revisions\/861"}],"wp:attachment":[{"href":"https:\/\/www.zupa-ubdm-biskupec.hr\/index.php?rest_route=%2Fwp%2Fv2%2Fmedia&parent=860"}],"wp:term":[{"taxonomy":"category","embeddable":true,"href":"https:\/\/www.zupa-ubdm-biskupec.hr\/index.php?rest_route=%2Fwp%2Fv2%2Fcategories&post=860"},{"taxonomy":"post_tag","embeddable":true,"href":"https:\/\/www.zupa-ubdm-biskupec.hr\/index.php?rest_route=%2Fwp%2Fv2%2Ftags&post=860"}],"curies":[{"name":"wp","href":"https:\/\/api.w.org\/{rel}","templated":true}]}}