


{"id":840,"date":"2014-05-04T20:06:55","date_gmt":"2014-05-04T18:06:55","guid":{"rendered":"http:\/\/www.zupa-biskupec.com\/?p=840"},"modified":"2014-05-04T20:07:43","modified_gmt":"2014-05-04T18:07:43","slug":"izlet-zupnog-pastoralnog-vijeca","status":"publish","type":"post","link":"https:\/\/www.zupa-ubdm-biskupec.hr\/?p=840","title":{"rendered":"IZLET \u017dUPNOG PASTORALNOG VIJE\u0106A"},"content":{"rendered":"<p><img fetchpriority=\"high\" decoding=\"async\" class=\"alignnone\" src=\"http:\/\/www.krasic.hr\/images\/stories\/9.jpg\" alt=\"\" width=\"275\" height=\"183\" \/><\/p>\n<p>Prema dogovoru, <strong>24. svibnja<\/strong> ove godine, bit \u0107e <strong>izlet \u017dupnog pastoralnog vije\u0107a u Kra\u0161i\u0107<\/strong>. Na izlet su <strong>pozvani svi biv\u0161i i budu\u0107u \u010dlanovi<\/strong> \u017dupnog pastoralnog vije\u0107a. Molimo sve koji planiraju i\u0107i na izlet da se \u0161to prije jave \u017eupniku zbog organiziranja prijevoza i ru\u010dka.<\/p>\n","protected":false},"excerpt":{"rendered":"<p>Prema dogovoru, 24. svibnja ove godine, bit \u0107e izlet \u017dupnog pastoralnog vije\u0107a u Kra\u0161i\u0107. Na izlet su pozvani svi [&hellip;]<\/p>\n","protected":false},"author":1,"featured_media":0,"comment_status":"closed","ping_status":"closed","sticky":false,"template":"","format":"standard","meta":{"footnotes":""},"categories":[1],"tags":[],"class_list":["post-840","post","type-post","status-publish","format-standard","hentry","category-novosti-iz-zupe"],"aioseo_notices":[],"_links":{"self":[{"href":"https:\/\/www.zupa-ubdm-biskupec.hr\/index.php?rest_route=\/wp\/v2\/posts\/840","targetHints":{"allow":["GET"]}}],"collection":[{"href":"https:\/\/www.zupa-ubdm-biskupec.hr\/index.php?rest_route=\/wp\/v2\/posts"}],"about":[{"href":"https:\/\/www.zupa-ubdm-biskupec.hr\/index.php?rest_route=\/wp\/v2\/types\/post"}],"author":[{"embeddable":true,"href":"https:\/\/www.zupa-ubdm-biskupec.hr\/index.php?rest_route=\/wp\/v2\/users\/1"}],"replies":[{"embeddable":true,"href":"https:\/\/www.zupa-ubdm-biskupec.hr\/index.php?rest_route=%2Fwp%2Fv2%2Fcomments&post=840"}],"version-history":[{"count":2,"href":"https:\/\/www.zupa-ubdm-biskupec.hr\/index.php?rest_route=\/wp\/v2\/posts\/840\/revisions"}],"predecessor-version":[{"id":842,"href":"https:\/\/www.zupa-ubdm-biskupec.hr\/index.php?rest_route=\/wp\/v2\/posts\/840\/revisions\/842"}],"wp:attachment":[{"href":"https:\/\/www.zupa-ubdm-biskupec.hr\/index.php?rest_route=%2Fwp%2Fv2%2Fmedia&parent=840"}],"wp:term":[{"taxonomy":"category","embeddable":true,"href":"https:\/\/www.zupa-ubdm-biskupec.hr\/index.php?rest_route=%2Fwp%2Fv2%2Fcategories&post=840"},{"taxonomy":"post_tag","embeddable":true,"href":"https:\/\/www.zupa-ubdm-biskupec.hr\/index.php?rest_route=%2Fwp%2Fv2%2Ftags&post=840"}],"curies":[{"name":"wp","href":"https:\/\/api.w.org\/{rel}","templated":true}]}}