


{"id":8300,"date":"2025-01-18T21:45:19","date_gmt":"2025-01-18T20:45:19","guid":{"rendered":"https:\/\/www.zupa-ubdm-biskupec.hr\/?p=8300"},"modified":"2025-04-04T07:44:50","modified_gmt":"2025-04-04T05:44:50","slug":"zupno-klecanje","status":"publish","type":"post","link":"https:\/\/www.zupa-ubdm-biskupec.hr\/?p=8300","title":{"rendered":"\u017dUPNO KLE\u010cANJE"},"content":{"rendered":"\t\t<div data-elementor-type=\"wp-post\" data-elementor-id=\"8300\" class=\"elementor elementor-8300\">\n\t\t\t\t\t\t<section class=\"elementor-section elementor-top-section elementor-element elementor-element-5fe41fd7 elementor-section-full_width elementor-section-height-default elementor-section-height-default\" data-id=\"5fe41fd7\" data-element_type=\"section\" data-e-type=\"section\">\n\t\t\t\t\t\t<div class=\"elementor-container elementor-column-gap-no\">\n\t\t\t\t\t<div class=\"elementor-column elementor-col-100 elementor-top-column elementor-element elementor-element-3f7eb129\" data-id=\"3f7eb129\" data-element_type=\"column\" data-e-type=\"column\">\n\t\t\t<div class=\"elementor-widget-wrap elementor-element-populated\">\n\t\t\t\t\t\t<div class=\"elementor-element elementor-element-257560db elementor-widget-divider--view-line elementor-widget elementor-widget-divider\" data-id=\"257560db\" data-element_type=\"widget\" data-e-type=\"widget\" data-widget_type=\"divider.default\">\n\t\t\t\t<div class=\"elementor-widget-container\">\n\t\t\t\t\t\t\t<div class=\"elementor-divider\">\n\t\t\t<span class=\"elementor-divider-separator\">\n\t\t\t\t\t\t<\/span>\n\t\t<\/div>\n\t\t\t\t\t\t<\/div>\n\t\t\t\t<\/div>\n\t\t\t\t\t<\/div>\n\t\t<\/div>\n\t\t\t\t\t<\/div>\n\t\t<\/section>\n\t\t\t\t<section class=\"elementor-section elementor-top-section elementor-element elementor-element-57cf2cf9 elementor-section-content-middle elementor-section-boxed elementor-section-height-default elementor-section-height-default\" data-id=\"57cf2cf9\" data-element_type=\"section\" data-e-type=\"section\" data-settings=\"{&quot;background_background&quot;:&quot;classic&quot;}\">\n\t\t\t\t\t\t\t<div class=\"elementor-background-overlay\"><\/div>\n\t\t\t\t\t\t\t<div class=\"elementor-container elementor-column-gap-no\">\n\t\t\t\t\t<div class=\"elementor-column elementor-col-100 elementor-top-column elementor-element elementor-element-742c24f6\" data-id=\"742c24f6\" data-element_type=\"column\" data-e-type=\"column\">\n\t\t\t<div class=\"elementor-widget-wrap elementor-element-populated\">\n\t\t\t\t\t\t<div class=\"elementor-element elementor-element-6ec8ef13 elementor-widget elementor-widget-heading\" data-id=\"6ec8ef13\" data-element_type=\"widget\" data-e-type=\"widget\" data-widget_type=\"heading.default\">\n\t\t\t\t<div class=\"elementor-widget-container\">\n\t\t\t\t\t<h2 class=\"elementor-heading-title elementor-size-default\">NAJAVE IZ \u017dUPE<\/h2>\t\t\t\t<\/div>\n\t\t\t\t<\/div>\n\t\t\t\t\t<\/div>\n\t\t<\/div>\n\t\t\t\t\t<\/div>\n\t\t<\/section>\n\t\t\t\t<section class=\"elementor-section elementor-top-section elementor-element elementor-element-124b2281 elementor-section-content-middle elementor-section-full_width elementor-section-height-min-height elementor-section-height-default elementor-section-items-middle\" data-id=\"124b2281\" data-element_type=\"section\" data-e-type=\"section\">\n\t\t\t\t\t\t<div class=\"elementor-container elementor-column-gap-no\">\n\t\t\t\t\t<div class=\"elementor-column elementor-col-100 elementor-top-column elementor-element elementor-element-60e18712\" data-id=\"60e18712\" data-element_type=\"column\" data-e-type=\"column\">\n\t\t\t<div class=\"elementor-widget-wrap elementor-element-populated\">\n\t\t\t\t\t\t<div class=\"elementor-element elementor-element-5797d139 elementor-widget-divider--view-line elementor-widget elementor-widget-divider\" data-id=\"5797d139\" data-element_type=\"widget\" data-e-type=\"widget\" data-widget_type=\"divider.default\">\n\t\t\t\t<div class=\"elementor-widget-container\">\n\t\t\t\t\t\t\t<div class=\"elementor-divider\">\n\t\t\t<span class=\"elementor-divider-separator\">\n\t\t\t\t\t\t<\/span>\n\t\t<\/div>\n\t\t\t\t\t\t<\/div>\n\t\t\t\t<\/div>\n\t\t\t\t\t<\/div>\n\t\t<\/div>\n\t\t\t\t\t<\/div>\n\t\t<\/section>\n\t\t\t\t<section class=\"elementor-section elementor-top-section elementor-element elementor-element-7444455 elementor-section-boxed elementor-section-height-default elementor-section-height-default\" data-id=\"7444455\" data-element_type=\"section\" data-e-type=\"section\" data-settings=\"{&quot;shape_divider_bottom&quot;:&quot;waves&quot;}\">\n\t\t\t\t\t<div class=\"elementor-shape elementor-shape-bottom\" aria-hidden=\"true\" data-negative=\"false\">\n\t\t\t<svg xmlns=\"http:\/\/www.w3.org\/2000\/svg\" viewBox=\"0 0 1000 100\" preserveAspectRatio=\"none\">\n\t<path class=\"elementor-shape-fill\" d=\"M421.9,6.5c22.6-2.5,51.5,0.4,75.5,5.3c23.6,4.9,70.9,23.5,100.5,35.7c75.8,32.2,133.7,44.5,192.6,49.7\n\tc23.6,2.1,48.7,3.5,103.4-2.5c54.7-6,106.2-25.6,106.2-25.6V0H0v30.3c0,0,72,32.6,158.4,30.5c39.2-0.7,92.8-6.7,134-22.4\n\tc21.2-8.1,52.2-18.2,79.7-24.2C399.3,7.9,411.6,7.5,421.9,6.5z\"\/>\n<\/svg>\t\t<\/div>\n\t\t\t\t\t<div class=\"elementor-container elementor-column-gap-default\">\n\t\t\t\t\t<div class=\"elementor-column elementor-col-100 elementor-top-column elementor-element elementor-element-505ef3c\" data-id=\"505ef3c\" data-element_type=\"column\" data-e-type=\"column\">\n\t\t\t<div class=\"elementor-widget-wrap elementor-element-populated\">\n\t\t\t\t\t\t<div class=\"elementor-element elementor-element-bef4545 elementor-widget elementor-widget-text-editor\" data-id=\"bef4545\" data-element_type=\"widget\" data-e-type=\"widget\" data-widget_type=\"text-editor.default\">\n\t\t\t\t<div class=\"elementor-widget-container\">\n\t\t\t\t\t\t\t\t\t<pre><span style=\"font-family: Roboto Condensed; font-size: 16px;\">\u2022 U nedjelju, 26. sije\u010dnja, godi\u0161nje je klanjanje u na\u0161oj \u017eupi. \u017dupno klanjanje ili kle\u010danje je dan u godini u kojem je cijela \u017eupna zajednica pozvana dati \u010dast i slavu te iskazati zahvalnost Isusu prisutnome pod prilikama kruha u Presvetom Oltarskom Sakramentu. Zato se \u010desto \u017eupno klanjanje naziva i \u017eupno Tijelovo. Na taj dan svaki bi \u017eupljanin u vremenu kad je izlo\u017eeno Presveto u nekom trenutku koji mu odgovara trebao do\u0107i u crkvu radi molitve, razmatranja i osobnog susreta s Isusom. Presveto \u0107e biti izlo\u017eeno od konca koncelebrirane sv. mise u 11:00 koju predvodi pre\u010d. dr. sc. Mario Kopjar, pa do blagoslova i pohrane prije sv. mise u 18:00.<br \/>Raspored<br \/>12-13 Bi\u0161kupec i u\u017ei gradski dio \u017eupe<br \/>13-14 \u010crnec<br \/>14-15 Jalkovec<br \/>15-16 Molitveni vijenac<br \/>16-17 \u017dupni Caritas<br \/>17-18 \u010clanovi \u017eupnih vije\u0107a<br \/>Na\u0111imo, dakle, kojih pola sata ili sat vremena i posvetimo ga Isusu svome Spasitelju za nas prisutnome u Presvetom oltarskom sakramentu.<\/span><\/pre>\t\t\t\t\t\t\t\t<\/div>\n\t\t\t\t<\/div>\n\t\t\t\t\t<\/div>\n\t\t<\/div>\n\t\t\t\t\t<\/div>\n\t\t<\/section>\n\t\t\t\t<section class=\"elementor-section elementor-top-section elementor-element elementor-element-79c39f9 elementor-section-boxed elementor-section-height-default elementor-section-height-default\" data-id=\"79c39f9\" data-element_type=\"section\" data-e-type=\"section\">\n\t\t\t\t\t\t<div class=\"elementor-container elementor-column-gap-default\">\n\t\t\t\t\t<div class=\"elementor-column elementor-col-100 elementor-top-column elementor-element elementor-element-3af9b9f\" data-id=\"3af9b9f\" data-element_type=\"column\" data-e-type=\"column\">\n\t\t\t<div class=\"elementor-widget-wrap\">\n\t\t\t\t\t\t\t<\/div>\n\t\t<\/div>\n\t\t\t\t\t<\/div>\n\t\t<\/section>\n\t\t\t\t<section class=\"elementor-section elementor-top-section elementor-element elementor-element-bddabbb elementor-section-boxed elementor-section-height-default elementor-section-height-default\" data-id=\"bddabbb\" data-element_type=\"section\" data-e-type=\"section\">\n\t\t\t\t\t\t<div class=\"elementor-container elementor-column-gap-default\">\n\t\t\t\t\t<div class=\"elementor-column elementor-col-100 elementor-top-column elementor-element elementor-element-31cd192\" data-id=\"31cd192\" data-element_type=\"column\" data-e-type=\"column\">\n\t\t\t<div class=\"elementor-widget-wrap\">\n\t\t\t\t\t\t\t<\/div>\n\t\t<\/div>\n\t\t\t\t\t<\/div>\n\t\t<\/section>\n\t\t\t\t<\/div>\n\t\t","protected":false},"excerpt":{"rendered":"<p>NAJAVE IZ \u017dUPE \u2022 U nedjelju, 26. sije\u010dnja, godi\u0161nje je klanjanje u na\u0161oj \u017eupi. \u017dupno klanjanje ili kle\u010danje je [&hellip;]<\/p>\n","protected":false},"author":1,"featured_media":0,"comment_status":"closed","ping_status":"closed","sticky":false,"template":"elementor_header_footer","format":"standard","meta":{"footnotes":""},"categories":[252],"tags":[],"class_list":["post-8300","post","type-post","status-publish","format-standard","hentry","category-najave-dogadaja"],"aioseo_notices":[],"aioseo_head":"\n\t\t<!-- All in One SEO 4.9.8 - aioseo.com -->\n\t<meta name=\"description\" content=\"NAJAVE IZ \u017dUPE \u2022 U nedjelju, 26. sije\u010dnja, godi\u0161nje je klanjanje u na\u0161oj \u017eupi. \u017dupno klanjanje ili kle\u010danje je dan u godini u kojem je cijela \u017eupna zajednica pozvana dati \u010dast i slavu te iskazati zahvalnost Isusu prisutnome pod prilikama kruha u Presvetom Oltarskom Sakramentu. Zato se \u010desto \u017eupno klanjanje naziva i \u017eupno Tijelovo. Na\" \/>\n\t<meta name=\"robots\" content=\"max-image-preview:large\" \/>\n\t<meta name=\"author\" content=\"sinisaconar\"\/>\n\t<link rel=\"canonical\" href=\"https:\/\/www.zupa-ubdm-biskupec.hr\/?p=8300\" \/>\n\t<meta name=\"generator\" content=\"All in One SEO (AIOSEO) 4.9.8\" \/>\n\t\t<meta property=\"og:locale\" content=\"hr_HR\" \/>\n\t\t<meta property=\"og:site_name\" content=\"- \u017dupa Uznesenja BDM Bi\u0161kupec\" \/>\n\t\t<meta property=\"og:type\" content=\"article\" \/>\n\t\t<meta property=\"og:title\" content=\"\u017dUPNO KLE\u010cANJE -\" \/>\n\t\t<meta property=\"og:description\" content=\"NAJAVE IZ \u017dUPE \u2022 U nedjelju, 26. sije\u010dnja, godi\u0161nje je klanjanje u na\u0161oj \u017eupi. \u017dupno klanjanje ili kle\u010danje je dan u godini u kojem je cijela \u017eupna zajednica pozvana dati \u010dast i slavu te iskazati zahvalnost Isusu prisutnome pod prilikama kruha u Presvetom Oltarskom Sakramentu. Zato se \u010desto \u017eupno klanjanje naziva i \u017eupno Tijelovo. Na\" \/>\n\t\t<meta property=\"og:url\" content=\"https:\/\/www.zupa-ubdm-biskupec.hr\/?p=8300\" \/>\n\t\t<meta property=\"article:published_time\" content=\"2025-01-18T20:45:19+00:00\" \/>\n\t\t<meta property=\"article:modified_time\" content=\"2025-04-04T05:44:50+00:00\" \/>\n\t\t<meta name=\"twitter:card\" content=\"summary_large_image\" \/>\n\t\t<meta name=\"twitter:title\" content=\"\u017dUPNO KLE\u010cANJE -\" \/>\n\t\t<meta name=\"twitter:description\" content=\"NAJAVE IZ \u017dUPE \u2022 U nedjelju, 26. sije\u010dnja, godi\u0161nje je klanjanje u na\u0161oj \u017eupi. \u017dupno klanjanje ili kle\u010danje je dan u godini u kojem je cijela \u017eupna zajednica pozvana dati \u010dast i slavu te iskazati zahvalnost Isusu prisutnome pod prilikama kruha u Presvetom Oltarskom Sakramentu. Zato se \u010desto \u017eupno klanjanje naziva i \u017eupno Tijelovo. Na\" \/>\n\t\t<script type=\"application\/ld+json\" class=\"aioseo-schema\">\n\t\t\t{\"@context\":\"https:\\\/\\\/schema.org\",\"@graph\":[{\"@type\":\"BlogPosting\",\"@id\":\"https:\\\/\\\/www.zupa-ubdm-biskupec.hr\\\/?p=8300#blogposting\",\"name\":\"\\u017dUPNO KLE\\u010cANJE -\",\"headline\":\"\\u017dUPNO KLE\\u010cANJE\",\"author\":{\"@id\":\"https:\\\/\\\/www.zupa-ubdm-biskupec.hr\\\/?author=1#author\"},\"publisher\":{\"@id\":\"https:\\\/\\\/www.zupa-ubdm-biskupec.hr\\\/#organization\"},\"datePublished\":\"2025-01-18T21:45:19+01:00\",\"dateModified\":\"2025-04-04T07:44:50+02:00\",\"inLanguage\":\"hr\",\"mainEntityOfPage\":{\"@id\":\"https:\\\/\\\/www.zupa-ubdm-biskupec.hr\\\/?p=8300#webpage\"},\"isPartOf\":{\"@id\":\"https:\\\/\\\/www.zupa-ubdm-biskupec.hr\\\/?p=8300#webpage\"},\"articleSection\":\"Najave doga\\u0111aja\"},{\"@type\":\"BreadcrumbList\",\"@id\":\"https:\\\/\\\/www.zupa-ubdm-biskupec.hr\\\/?p=8300#breadcrumblist\",\"itemListElement\":[{\"@type\":\"ListItem\",\"@id\":\"https:\\\/\\\/www.zupa-ubdm-biskupec.hr#listItem\",\"position\":1,\"name\":\"Home\",\"item\":\"https:\\\/\\\/www.zupa-ubdm-biskupec.hr\",\"nextItem\":{\"@type\":\"ListItem\",\"@id\":\"https:\\\/\\\/www.zupa-ubdm-biskupec.hr\\\/?cat=252#listItem\",\"name\":\"Najave doga\\u0111aja\"}},{\"@type\":\"ListItem\",\"@id\":\"https:\\\/\\\/www.zupa-ubdm-biskupec.hr\\\/?cat=252#listItem\",\"position\":2,\"name\":\"Najave doga\\u0111aja\",\"item\":\"https:\\\/\\\/www.zupa-ubdm-biskupec.hr\\\/?cat=252\",\"nextItem\":{\"@type\":\"ListItem\",\"@id\":\"https:\\\/\\\/www.zupa-ubdm-biskupec.hr\\\/?p=8300#listItem\",\"name\":\"\\u017dUPNO KLE\\u010cANJE\"},\"previousItem\":{\"@type\":\"ListItem\",\"@id\":\"https:\\\/\\\/www.zupa-ubdm-biskupec.hr#listItem\",\"name\":\"Home\"}},{\"@type\":\"ListItem\",\"@id\":\"https:\\\/\\\/www.zupa-ubdm-biskupec.hr\\\/?p=8300#listItem\",\"position\":3,\"name\":\"\\u017dUPNO KLE\\u010cANJE\",\"previousItem\":{\"@type\":\"ListItem\",\"@id\":\"https:\\\/\\\/www.zupa-ubdm-biskupec.hr\\\/?cat=252#listItem\",\"name\":\"Najave doga\\u0111aja\"}}]},{\"@type\":\"Organization\",\"@id\":\"https:\\\/\\\/www.zupa-ubdm-biskupec.hr\\\/#organization\",\"description\":\"\\u017dupa Uznesenja BDM Bi\\u0161kupec\",\"url\":\"https:\\\/\\\/www.zupa-ubdm-biskupec.hr\\\/\"},{\"@type\":\"Person\",\"@id\":\"https:\\\/\\\/www.zupa-ubdm-biskupec.hr\\\/?author=1#author\",\"url\":\"https:\\\/\\\/www.zupa-ubdm-biskupec.hr\\\/?author=1\",\"name\":\"sinisaconar\",\"image\":{\"@type\":\"ImageObject\",\"@id\":\"https:\\\/\\\/www.zupa-ubdm-biskupec.hr\\\/?p=8300#authorImage\",\"url\":\"https:\\\/\\\/secure.gravatar.com\\\/avatar\\\/df8c92957073ebd499bf56da29a359fe5d42d1773a45544f6759929c6c8d8918?s=96&d=mm&r=g\",\"width\":96,\"height\":96,\"caption\":\"sinisaconar\"}},{\"@type\":\"WebPage\",\"@id\":\"https:\\\/\\\/www.zupa-ubdm-biskupec.hr\\\/?p=8300#webpage\",\"url\":\"https:\\\/\\\/www.zupa-ubdm-biskupec.hr\\\/?p=8300\",\"name\":\"\\u017dUPNO KLE\\u010cANJE -\",\"description\":\"NAJAVE IZ \\u017dUPE \\u2022 U nedjelju, 26. sije\\u010dnja, godi\\u0161nje je klanjanje u na\\u0161oj \\u017eupi. \\u017dupno klanjanje ili kle\\u010danje je dan u godini u kojem je cijela \\u017eupna zajednica pozvana dati \\u010dast i slavu te iskazati zahvalnost Isusu prisutnome pod prilikama kruha u Presvetom Oltarskom Sakramentu. Zato se \\u010desto \\u017eupno klanjanje naziva i \\u017eupno Tijelovo. Na\",\"inLanguage\":\"hr\",\"isPartOf\":{\"@id\":\"https:\\\/\\\/www.zupa-ubdm-biskupec.hr\\\/#website\"},\"breadcrumb\":{\"@id\":\"https:\\\/\\\/www.zupa-ubdm-biskupec.hr\\\/?p=8300#breadcrumblist\"},\"author\":{\"@id\":\"https:\\\/\\\/www.zupa-ubdm-biskupec.hr\\\/?author=1#author\"},\"creator\":{\"@id\":\"https:\\\/\\\/www.zupa-ubdm-biskupec.hr\\\/?author=1#author\"},\"datePublished\":\"2025-01-18T21:45:19+01:00\",\"dateModified\":\"2025-04-04T07:44:50+02:00\"},{\"@type\":\"WebSite\",\"@id\":\"https:\\\/\\\/www.zupa-ubdm-biskupec.hr\\\/#website\",\"url\":\"https:\\\/\\\/www.zupa-ubdm-biskupec.hr\\\/\",\"description\":\"\\u017dupa Uznesenja BDM Bi\\u0161kupec\",\"inLanguage\":\"hr\",\"publisher\":{\"@id\":\"https:\\\/\\\/www.zupa-ubdm-biskupec.hr\\\/#organization\"}}]}\n\t\t<\/script>\n\t\t<!-- All in One SEO -->\n\n","aioseo_head_json":{"title":"\u017dUPNO KLE\u010cANJE -","description":"NAJAVE IZ \u017dUPE \u2022 U nedjelju, 26. sije\u010dnja, godi\u0161nje je klanjanje u na\u0161oj \u017eupi. \u017dupno klanjanje ili kle\u010danje je dan u godini u kojem je cijela \u017eupna zajednica pozvana dati \u010dast i slavu te iskazati zahvalnost Isusu prisutnome pod prilikama kruha u Presvetom Oltarskom Sakramentu. Zato se \u010desto \u017eupno klanjanje naziva i \u017eupno Tijelovo. Na","canonical_url":"https:\/\/www.zupa-ubdm-biskupec.hr\/?p=8300","robots":"max-image-preview:large","keywords":"","webmasterTools":{"miscellaneous":""},"schema":{"@context":"https:\/\/schema.org","@graph":[{"@type":"BlogPosting","@id":"https:\/\/www.zupa-ubdm-biskupec.hr\/?p=8300#blogposting","name":"\u017dUPNO KLE\u010cANJE -","headline":"\u017dUPNO KLE\u010cANJE","author":{"@id":"https:\/\/www.zupa-ubdm-biskupec.hr\/?author=1#author"},"publisher":{"@id":"https:\/\/www.zupa-ubdm-biskupec.hr\/#organization"},"datePublished":"2025-01-18T21:45:19+01:00","dateModified":"2025-04-04T07:44:50+02:00","inLanguage":"hr","mainEntityOfPage":{"@id":"https:\/\/www.zupa-ubdm-biskupec.hr\/?p=8300#webpage"},"isPartOf":{"@id":"https:\/\/www.zupa-ubdm-biskupec.hr\/?p=8300#webpage"},"articleSection":"Najave doga\u0111aja"},{"@type":"BreadcrumbList","@id":"https:\/\/www.zupa-ubdm-biskupec.hr\/?p=8300#breadcrumblist","itemListElement":[{"@type":"ListItem","@id":"https:\/\/www.zupa-ubdm-biskupec.hr#listItem","position":1,"name":"Home","item":"https:\/\/www.zupa-ubdm-biskupec.hr","nextItem":{"@type":"ListItem","@id":"https:\/\/www.zupa-ubdm-biskupec.hr\/?cat=252#listItem","name":"Najave doga\u0111aja"}},{"@type":"ListItem","@id":"https:\/\/www.zupa-ubdm-biskupec.hr\/?cat=252#listItem","position":2,"name":"Najave doga\u0111aja","item":"https:\/\/www.zupa-ubdm-biskupec.hr\/?cat=252","nextItem":{"@type":"ListItem","@id":"https:\/\/www.zupa-ubdm-biskupec.hr\/?p=8300#listItem","name":"\u017dUPNO KLE\u010cANJE"},"previousItem":{"@type":"ListItem","@id":"https:\/\/www.zupa-ubdm-biskupec.hr#listItem","name":"Home"}},{"@type":"ListItem","@id":"https:\/\/www.zupa-ubdm-biskupec.hr\/?p=8300#listItem","position":3,"name":"\u017dUPNO KLE\u010cANJE","previousItem":{"@type":"ListItem","@id":"https:\/\/www.zupa-ubdm-biskupec.hr\/?cat=252#listItem","name":"Najave doga\u0111aja"}}]},{"@type":"Organization","@id":"https:\/\/www.zupa-ubdm-biskupec.hr\/#organization","description":"\u017dupa Uznesenja BDM Bi\u0161kupec","url":"https:\/\/www.zupa-ubdm-biskupec.hr\/"},{"@type":"Person","@id":"https:\/\/www.zupa-ubdm-biskupec.hr\/?author=1#author","url":"https:\/\/www.zupa-ubdm-biskupec.hr\/?author=1","name":"sinisaconar","image":{"@type":"ImageObject","@id":"https:\/\/www.zupa-ubdm-biskupec.hr\/?p=8300#authorImage","url":"https:\/\/secure.gravatar.com\/avatar\/df8c92957073ebd499bf56da29a359fe5d42d1773a45544f6759929c6c8d8918?s=96&d=mm&r=g","width":96,"height":96,"caption":"sinisaconar"}},{"@type":"WebPage","@id":"https:\/\/www.zupa-ubdm-biskupec.hr\/?p=8300#webpage","url":"https:\/\/www.zupa-ubdm-biskupec.hr\/?p=8300","name":"\u017dUPNO KLE\u010cANJE -","description":"NAJAVE IZ \u017dUPE \u2022 U nedjelju, 26. sije\u010dnja, godi\u0161nje je klanjanje u na\u0161oj \u017eupi. \u017dupno klanjanje ili kle\u010danje je dan u godini u kojem je cijela \u017eupna zajednica pozvana dati \u010dast i slavu te iskazati zahvalnost Isusu prisutnome pod prilikama kruha u Presvetom Oltarskom Sakramentu. Zato se \u010desto \u017eupno klanjanje naziva i \u017eupno Tijelovo. Na","inLanguage":"hr","isPartOf":{"@id":"https:\/\/www.zupa-ubdm-biskupec.hr\/#website"},"breadcrumb":{"@id":"https:\/\/www.zupa-ubdm-biskupec.hr\/?p=8300#breadcrumblist"},"author":{"@id":"https:\/\/www.zupa-ubdm-biskupec.hr\/?author=1#author"},"creator":{"@id":"https:\/\/www.zupa-ubdm-biskupec.hr\/?author=1#author"},"datePublished":"2025-01-18T21:45:19+01:00","dateModified":"2025-04-04T07:44:50+02:00"},{"@type":"WebSite","@id":"https:\/\/www.zupa-ubdm-biskupec.hr\/#website","url":"https:\/\/www.zupa-ubdm-biskupec.hr\/","description":"\u017dupa Uznesenja BDM Bi\u0161kupec","inLanguage":"hr","publisher":{"@id":"https:\/\/www.zupa-ubdm-biskupec.hr\/#organization"}}]},"og:locale":"hr_HR","og:site_name":"- \u017dupa Uznesenja BDM Bi\u0161kupec","og:type":"article","og:title":"\u017dUPNO KLE\u010cANJE -","og:description":"NAJAVE IZ \u017dUPE \u2022 U nedjelju, 26. sije\u010dnja, godi\u0161nje je klanjanje u na\u0161oj \u017eupi. \u017dupno klanjanje ili kle\u010danje je dan u godini u kojem je cijela \u017eupna zajednica pozvana dati \u010dast i slavu te iskazati zahvalnost Isusu prisutnome pod prilikama kruha u Presvetom Oltarskom Sakramentu. Zato se \u010desto \u017eupno klanjanje naziva i \u017eupno Tijelovo. Na","og:url":"https:\/\/www.zupa-ubdm-biskupec.hr\/?p=8300","article:published_time":"2025-01-18T20:45:19+00:00","article:modified_time":"2025-04-04T05:44:50+00:00","twitter:card":"summary_large_image","twitter:title":"\u017dUPNO KLE\u010cANJE -","twitter:description":"NAJAVE IZ \u017dUPE \u2022 U nedjelju, 26. sije\u010dnja, godi\u0161nje je klanjanje u na\u0161oj \u017eupi. \u017dupno klanjanje ili kle\u010danje je dan u godini u kojem je cijela \u017eupna zajednica pozvana dati \u010dast i slavu te iskazati zahvalnost Isusu prisutnome pod prilikama kruha u Presvetom Oltarskom Sakramentu. Zato se \u010desto \u017eupno klanjanje naziva i \u017eupno Tijelovo. Na"},"aioseo_meta_data":{"post_id":"8300","title":null,"description":null,"keywords":null,"keyphrases":null,"primary_term":null,"canonical_url":null,"og_title":null,"og_description":null,"og_object_type":"default","og_image_type":"default","og_image_url":null,"og_image_width":null,"og_image_height":null,"og_image_custom_url":null,"og_image_custom_fields":null,"og_video":null,"og_custom_url":null,"og_article_section":null,"og_article_tags":null,"twitter_use_og":false,"twitter_card":"default","twitter_image_type":"default","twitter_image_url":null,"twitter_image_custom_url":null,"twitter_image_custom_fields":null,"twitter_title":null,"twitter_description":null,"schema":{"blockGraphs":[],"customGraphs":[],"default":{"data":{"Article":[],"Course":[],"Dataset":[],"FAQPage":[],"Movie":[],"Person":[],"Product":[],"ProductReview":[],"Car":[],"Recipe":[],"Service":[],"SoftwareApplication":[],"WebPage":[]},"graphName":"","isEnabled":true},"graphs":[]},"schema_type":"default","schema_type_options":null,"pillar_content":false,"robots_default":true,"robots_noindex":false,"robots_noarchive":false,"robots_nosnippet":false,"robots_nofollow":false,"robots_noimageindex":false,"robots_noodp":false,"robots_notranslate":false,"robots_max_snippet":null,"robots_max_videopreview":null,"robots_max_imagepreview":"large","priority":null,"frequency":null,"local_seo":null,"breadcrumb_settings":null,"limit_modified_date":false,"ai":null,"created":"2025-07-16 14:55:39","updated":"2025-07-16 14:55:39","seo_analyzer_scan_date":null},"aioseo_breadcrumb":"<div class=\"aioseo-breadcrumbs\"><span class=\"aioseo-breadcrumb\">\n\t\t\t<a href=\"https:\/\/www.zupa-ubdm-biskupec.hr\" title=\"Home\">Home<\/a>\n\t\t<\/span><span class=\"aioseo-breadcrumb-separator\">&raquo;<\/span><span class=\"aioseo-breadcrumb\">\n\t\t\t<a href=\"https:\/\/www.zupa-ubdm-biskupec.hr\/?cat=252\" title=\"Najave doga\u0111aja\">Najave doga\u0111aja<\/a>\n\t\t<\/span><span class=\"aioseo-breadcrumb-separator\">&raquo;<\/span><span class=\"aioseo-breadcrumb\">\n\t\t\t\u017dUPNO KLE\u010cANJE\n\t\t<\/span><\/div>","aioseo_breadcrumb_json":[{"label":"Home","link":"https:\/\/www.zupa-ubdm-biskupec.hr"},{"label":"Najave doga\u0111aja","link":"https:\/\/www.zupa-ubdm-biskupec.hr\/?cat=252"},{"label":"\u017dUPNO KLE\u010cANJE","link":"https:\/\/www.zupa-ubdm-biskupec.hr\/?p=8300"}],"_links":{"self":[{"href":"https:\/\/www.zupa-ubdm-biskupec.hr\/index.php?rest_route=\/wp\/v2\/posts\/8300","targetHints":{"allow":["GET"]}}],"collection":[{"href":"https:\/\/www.zupa-ubdm-biskupec.hr\/index.php?rest_route=\/wp\/v2\/posts"}],"about":[{"href":"https:\/\/www.zupa-ubdm-biskupec.hr\/index.php?rest_route=\/wp\/v2\/types\/post"}],"author":[{"embeddable":true,"href":"https:\/\/www.zupa-ubdm-biskupec.hr\/index.php?rest_route=\/wp\/v2\/users\/1"}],"replies":[{"embeddable":true,"href":"https:\/\/www.zupa-ubdm-biskupec.hr\/index.php?rest_route=%2Fwp%2Fv2%2Fcomments&post=8300"}],"version-history":[{"count":4,"href":"https:\/\/www.zupa-ubdm-biskupec.hr\/index.php?rest_route=\/wp\/v2\/posts\/8300\/revisions"}],"predecessor-version":[{"id":8304,"href":"https:\/\/www.zupa-ubdm-biskupec.hr\/index.php?rest_route=\/wp\/v2\/posts\/8300\/revisions\/8304"}],"wp:attachment":[{"href":"https:\/\/www.zupa-ubdm-biskupec.hr\/index.php?rest_route=%2Fwp%2Fv2%2Fmedia&parent=8300"}],"wp:term":[{"taxonomy":"category","embeddable":true,"href":"https:\/\/www.zupa-ubdm-biskupec.hr\/index.php?rest_route=%2Fwp%2Fv2%2Fcategories&post=8300"},{"taxonomy":"post_tag","embeddable":true,"href":"https:\/\/www.zupa-ubdm-biskupec.hr\/index.php?rest_route=%2Fwp%2Fv2%2Ftags&post=8300"}],"curies":[{"name":"wp","href":"https:\/\/api.w.org\/{rel}","templated":true}]}}