


{"id":8230,"date":"2024-12-18T09:10:16","date_gmt":"2024-12-18T08:10:16","guid":{"rendered":"https:\/\/www.zupa-ubdm-biskupec.hr\/?p=8230"},"modified":"2025-04-04T11:30:07","modified_gmt":"2025-04-04T09:30:07","slug":"pohod-starima-i-bolesnima","status":"publish","type":"post","link":"https:\/\/www.zupa-ubdm-biskupec.hr\/?p=8230","title":{"rendered":"POHOD STARIMA I BOLESNIMA"},"content":{"rendered":"<style>\/*! elementor - v3.18.0 - 20-12-2023 *\/\n.elementor-widget-divider{--divider-border-style:none;--divider-border-width:1px;--divider-color:#0c0d0e;--divider-icon-size:20px;--divider-element-spacing:10px;--divider-pattern-height:24px;--divider-pattern-size:20px;--divider-pattern-url:none;--divider-pattern-repeat:repeat-x}.elementor-widget-divider .elementor-divider{display:flex}.elementor-widget-divider .elementor-divider__text{font-size:15px;line-height:1;max-width:95%}.elementor-widget-divider .elementor-divider__element{margin:0 var(--divider-element-spacing);flex-shrink:0}.elementor-widget-divider .elementor-icon{font-size:var(--divider-icon-size)}.elementor-widget-divider .elementor-divider-separator{display:flex;margin:0;direction:ltr}.elementor-widget-divider--view-line_icon .elementor-divider-separator,.elementor-widget-divider--view-line_text .elementor-divider-separator{align-items:center}.elementor-widget-divider--view-line_icon .elementor-divider-separator:after,.elementor-widget-divider--view-line_icon .elementor-divider-separator:before,.elementor-widget-divider--view-line_text .elementor-divider-separator:after,.elementor-widget-divider--view-line_text .elementor-divider-separator:before{display:block;content:\"\";border-bottom:0;flex-grow:1;border-top:var(--divider-border-width) var(--divider-border-style) var(--divider-color)}.elementor-widget-divider--element-align-left .elementor-divider .elementor-divider-separator>.elementor-divider__svg:first-of-type{flex-grow:0;flex-shrink:100}.elementor-widget-divider--element-align-left .elementor-divider-separator:before{content:none}.elementor-widget-divider--element-align-left .elementor-divider__element{margin-left:0}.elementor-widget-divider--element-align-right .elementor-divider .elementor-divider-separator>.elementor-divider__svg:last-of-type{flex-grow:0;flex-shrink:100}.elementor-widget-divider--element-align-right .elementor-divider-separator:after{content:none}.elementor-widget-divider--element-align-right .elementor-divider__element{margin-right:0}.elementor-widget-divider:not(.elementor-widget-divider--view-line_text):not(.elementor-widget-divider--view-line_icon) .elementor-divider-separator{border-top:var(--divider-border-width) var(--divider-border-style) var(--divider-color)}.elementor-widget-divider--separator-type-pattern{--divider-border-style:none}.elementor-widget-divider--separator-type-pattern.elementor-widget-divider--view-line .elementor-divider-separator,.elementor-widget-divider--separator-type-pattern:not(.elementor-widget-divider--view-line) .elementor-divider-separator:after,.elementor-widget-divider--separator-type-pattern:not(.elementor-widget-divider--view-line) .elementor-divider-separator:before,.elementor-widget-divider--separator-type-pattern:not([class*=elementor-widget-divider--view]) .elementor-divider-separator{width:100%;min-height:var(--divider-pattern-height);-webkit-mask-size:var(--divider-pattern-size) 100%;mask-size:var(--divider-pattern-size) 100%;-webkit-mask-repeat:var(--divider-pattern-repeat);mask-repeat:var(--divider-pattern-repeat);background-color:var(--divider-color);-webkit-mask-image:var(--divider-pattern-url);mask-image:var(--divider-pattern-url)}.elementor-widget-divider--no-spacing{--divider-pattern-size:auto}.elementor-widget-divider--bg-round{--divider-pattern-repeat:round}.rtl .elementor-widget-divider .elementor-divider__text{direction:rtl}.e-con-inner>.elementor-widget-divider,.e-con>.elementor-widget-divider{width:var(--container-widget-width,100%);--flex-grow:var(--container-widget-flex-grow)}<\/style>\n<style>\/*! elementor - v3.18.0 - 20-12-2023 *\/\n.elementor-heading-title{padding:0;margin:0;line-height:1}.elementor-widget-heading .elementor-heading-title[class*=elementor-size-]>a{color:inherit;font-size:inherit;line-height:inherit}.elementor-widget-heading .elementor-heading-title.elementor-size-small{font-size:15px}.elementor-widget-heading .elementor-heading-title.elementor-size-medium{font-size:19px}.elementor-widget-heading .elementor-heading-title.elementor-size-large{font-size:29px}.elementor-widget-heading .elementor-heading-title.elementor-size-xl{font-size:39px}.elementor-widget-heading .elementor-heading-title.elementor-size-xxl{font-size:59px}<\/style>\n<h2>NAJAVE IZ \u017dUPE<\/h2>\n<pre>\u2022 Pohod starima i bolesnima u njihovim domovima radi predblagdanske ispovijedi i pri\u010desti bit \u0107e u utorak, 17. prosinca, od 9 sati nadalje. Po\u010dinje se u \u010crncu, nastavlja u Jalkovcu, a zavr\u0161ava na u\u017eem gradskom podru\u010dju.<\/pre>\n","protected":false},"excerpt":{"rendered":"<p>NAJAVE IZ \u017dUPE \u2022 Pohod starima i bolesnima u njihovim domovima radi predblagdanske ispovijedi i pri\u010desti bit \u0107e u [&hellip;]<\/p>\n","protected":false},"author":1,"featured_media":4430,"comment_status":"closed","ping_status":"closed","sticky":false,"template":"elementor_header_footer","format":"standard","meta":{"footnotes":""},"categories":[252],"tags":[],"class_list":["post-8230","post","type-post","status-publish","format-standard","has-post-thumbnail","hentry","category-najave-dogadaja"],"aioseo_notices":[],"aioseo_head":"\n\t\t<!-- All in One SEO 4.9.8 - aioseo.com -->\n\t<meta name=\"description\" content=\"NAJAVE IZ \u017dUPE \u2022 Pohod starima i bolesnima u njihovim domovima radi predblagdanske ispovijedi i pri\u010desti bit \u0107e u utorak, 17. prosinca, od 9 sati nadalje. Po\u010dinje se u \u010crncu, nastavlja u Jalkovcu, a zavr\u0161ava na u\u017eem gradskom podru\u010dju.\" \/>\n\t<meta name=\"robots\" content=\"max-image-preview:large\" \/>\n\t<meta name=\"author\" content=\"sinisaconar\"\/>\n\t<link rel=\"canonical\" href=\"https:\/\/www.zupa-ubdm-biskupec.hr\/?p=8230\" \/>\n\t<meta name=\"generator\" content=\"All in One SEO (AIOSEO) 4.9.8\" \/>\n\t\t<meta property=\"og:locale\" content=\"hr_HR\" \/>\n\t\t<meta property=\"og:site_name\" content=\"- \u017dupa Uznesenja BDM Bi\u0161kupec\" \/>\n\t\t<meta property=\"og:type\" content=\"article\" \/>\n\t\t<meta property=\"og:title\" content=\"POHOD STARIMA I BOLESNIMA -\" \/>\n\t\t<meta property=\"og:description\" content=\"NAJAVE IZ \u017dUPE \u2022 Pohod starima i bolesnima u njihovim domovima radi predblagdanske ispovijedi i pri\u010desti bit \u0107e u utorak, 17. prosinca, od 9 sati nadalje. Po\u010dinje se u \u010crncu, nastavlja u Jalkovcu, a zavr\u0161ava na u\u017eem gradskom podru\u010dju.\" \/>\n\t\t<meta property=\"og:url\" content=\"https:\/\/www.zupa-ubdm-biskupec.hr\/?p=8230\" \/>\n\t\t<meta property=\"article:published_time\" content=\"2024-12-18T08:10:16+00:00\" \/>\n\t\t<meta property=\"article:modified_time\" content=\"2025-04-04T09:30:07+00:00\" \/>\n\t\t<meta name=\"twitter:card\" content=\"summary_large_image\" \/>\n\t\t<meta name=\"twitter:title\" content=\"POHOD STARIMA I BOLESNIMA -\" \/>\n\t\t<meta name=\"twitter:description\" content=\"NAJAVE IZ \u017dUPE \u2022 Pohod starima i bolesnima u njihovim domovima radi predblagdanske ispovijedi i pri\u010desti bit \u0107e u utorak, 17. prosinca, od 9 sati nadalje. Po\u010dinje se u \u010crncu, nastavlja u Jalkovcu, a zavr\u0161ava na u\u017eem gradskom podru\u010dju.\" \/>\n\t\t<script type=\"application\/ld+json\" class=\"aioseo-schema\">\n\t\t\t{\"@context\":\"https:\\\/\\\/schema.org\",\"@graph\":[{\"@type\":\"BlogPosting\",\"@id\":\"https:\\\/\\\/www.zupa-ubdm-biskupec.hr\\\/?p=8230#blogposting\",\"name\":\"POHOD STARIMA I BOLESNIMA -\",\"headline\":\"POHOD STARIMA I BOLESNIMA\",\"author\":{\"@id\":\"https:\\\/\\\/www.zupa-ubdm-biskupec.hr\\\/?author=1#author\"},\"publisher\":{\"@id\":\"https:\\\/\\\/www.zupa-ubdm-biskupec.hr\\\/#organization\"},\"image\":{\"@type\":\"ImageObject\",\"url\":\"https:\\\/\\\/www.zupa-ubdm-biskupec.hr\\\/wp-content\\\/uploads\\\/2023\\\/06\\\/ispovijed_nemocnih-2.png\",\"width\":480,\"height\":300},\"datePublished\":\"2024-12-18T09:10:16+01:00\",\"dateModified\":\"2025-04-04T11:30:07+02:00\",\"inLanguage\":\"hr\",\"mainEntityOfPage\":{\"@id\":\"https:\\\/\\\/www.zupa-ubdm-biskupec.hr\\\/?p=8230#webpage\"},\"isPartOf\":{\"@id\":\"https:\\\/\\\/www.zupa-ubdm-biskupec.hr\\\/?p=8230#webpage\"},\"articleSection\":\"Najave doga\\u0111aja\"},{\"@type\":\"BreadcrumbList\",\"@id\":\"https:\\\/\\\/www.zupa-ubdm-biskupec.hr\\\/?p=8230#breadcrumblist\",\"itemListElement\":[{\"@type\":\"ListItem\",\"@id\":\"https:\\\/\\\/www.zupa-ubdm-biskupec.hr#listItem\",\"position\":1,\"name\":\"Home\",\"item\":\"https:\\\/\\\/www.zupa-ubdm-biskupec.hr\",\"nextItem\":{\"@type\":\"ListItem\",\"@id\":\"https:\\\/\\\/www.zupa-ubdm-biskupec.hr\\\/?cat=252#listItem\",\"name\":\"Najave doga\\u0111aja\"}},{\"@type\":\"ListItem\",\"@id\":\"https:\\\/\\\/www.zupa-ubdm-biskupec.hr\\\/?cat=252#listItem\",\"position\":2,\"name\":\"Najave doga\\u0111aja\",\"item\":\"https:\\\/\\\/www.zupa-ubdm-biskupec.hr\\\/?cat=252\",\"nextItem\":{\"@type\":\"ListItem\",\"@id\":\"https:\\\/\\\/www.zupa-ubdm-biskupec.hr\\\/?p=8230#listItem\",\"name\":\"POHOD STARIMA I BOLESNIMA\"},\"previousItem\":{\"@type\":\"ListItem\",\"@id\":\"https:\\\/\\\/www.zupa-ubdm-biskupec.hr#listItem\",\"name\":\"Home\"}},{\"@type\":\"ListItem\",\"@id\":\"https:\\\/\\\/www.zupa-ubdm-biskupec.hr\\\/?p=8230#listItem\",\"position\":3,\"name\":\"POHOD STARIMA I BOLESNIMA\",\"previousItem\":{\"@type\":\"ListItem\",\"@id\":\"https:\\\/\\\/www.zupa-ubdm-biskupec.hr\\\/?cat=252#listItem\",\"name\":\"Najave doga\\u0111aja\"}}]},{\"@type\":\"Organization\",\"@id\":\"https:\\\/\\\/www.zupa-ubdm-biskupec.hr\\\/#organization\",\"description\":\"\\u017dupa Uznesenja BDM Bi\\u0161kupec\",\"url\":\"https:\\\/\\\/www.zupa-ubdm-biskupec.hr\\\/\"},{\"@type\":\"Person\",\"@id\":\"https:\\\/\\\/www.zupa-ubdm-biskupec.hr\\\/?author=1#author\",\"url\":\"https:\\\/\\\/www.zupa-ubdm-biskupec.hr\\\/?author=1\",\"name\":\"sinisaconar\",\"image\":{\"@type\":\"ImageObject\",\"@id\":\"https:\\\/\\\/www.zupa-ubdm-biskupec.hr\\\/?p=8230#authorImage\",\"url\":\"https:\\\/\\\/secure.gravatar.com\\\/avatar\\\/df8c92957073ebd499bf56da29a359fe5d42d1773a45544f6759929c6c8d8918?s=96&d=mm&r=g\",\"width\":96,\"height\":96,\"caption\":\"sinisaconar\"}},{\"@type\":\"WebPage\",\"@id\":\"https:\\\/\\\/www.zupa-ubdm-biskupec.hr\\\/?p=8230#webpage\",\"url\":\"https:\\\/\\\/www.zupa-ubdm-biskupec.hr\\\/?p=8230\",\"name\":\"POHOD STARIMA I BOLESNIMA -\",\"description\":\"NAJAVE IZ \\u017dUPE \\u2022 Pohod starima i bolesnima u njihovim domovima radi predblagdanske ispovijedi i pri\\u010desti bit \\u0107e u utorak, 17. prosinca, od 9 sati nadalje. Po\\u010dinje se u \\u010crncu, nastavlja u Jalkovcu, a zavr\\u0161ava na u\\u017eem gradskom podru\\u010dju.\",\"inLanguage\":\"hr\",\"isPartOf\":{\"@id\":\"https:\\\/\\\/www.zupa-ubdm-biskupec.hr\\\/#website\"},\"breadcrumb\":{\"@id\":\"https:\\\/\\\/www.zupa-ubdm-biskupec.hr\\\/?p=8230#breadcrumblist\"},\"author\":{\"@id\":\"https:\\\/\\\/www.zupa-ubdm-biskupec.hr\\\/?author=1#author\"},\"creator\":{\"@id\":\"https:\\\/\\\/www.zupa-ubdm-biskupec.hr\\\/?author=1#author\"},\"image\":{\"@type\":\"ImageObject\",\"url\":\"https:\\\/\\\/www.zupa-ubdm-biskupec.hr\\\/wp-content\\\/uploads\\\/2023\\\/06\\\/ispovijed_nemocnih-2.png\",\"@id\":\"https:\\\/\\\/www.zupa-ubdm-biskupec.hr\\\/?p=8230\\\/#mainImage\",\"width\":480,\"height\":300},\"primaryImageOfPage\":{\"@id\":\"https:\\\/\\\/www.zupa-ubdm-biskupec.hr\\\/?p=8230#mainImage\"},\"datePublished\":\"2024-12-18T09:10:16+01:00\",\"dateModified\":\"2025-04-04T11:30:07+02:00\"},{\"@type\":\"WebSite\",\"@id\":\"https:\\\/\\\/www.zupa-ubdm-biskupec.hr\\\/#website\",\"url\":\"https:\\\/\\\/www.zupa-ubdm-biskupec.hr\\\/\",\"description\":\"\\u017dupa Uznesenja BDM Bi\\u0161kupec\",\"inLanguage\":\"hr\",\"publisher\":{\"@id\":\"https:\\\/\\\/www.zupa-ubdm-biskupec.hr\\\/#organization\"}}]}\n\t\t<\/script>\n\t\t<!-- All in One SEO -->\n\n","aioseo_head_json":{"title":"POHOD STARIMA I BOLESNIMA -","description":"NAJAVE IZ \u017dUPE \u2022 Pohod starima i bolesnima u njihovim domovima radi predblagdanske ispovijedi i pri\u010desti bit \u0107e u utorak, 17. prosinca, od 9 sati nadalje. Po\u010dinje se u \u010crncu, nastavlja u Jalkovcu, a zavr\u0161ava na u\u017eem gradskom podru\u010dju.","canonical_url":"https:\/\/www.zupa-ubdm-biskupec.hr\/?p=8230","robots":"max-image-preview:large","keywords":"","webmasterTools":{"miscellaneous":""},"schema":{"@context":"https:\/\/schema.org","@graph":[{"@type":"BlogPosting","@id":"https:\/\/www.zupa-ubdm-biskupec.hr\/?p=8230#blogposting","name":"POHOD STARIMA I BOLESNIMA -","headline":"POHOD STARIMA I BOLESNIMA","author":{"@id":"https:\/\/www.zupa-ubdm-biskupec.hr\/?author=1#author"},"publisher":{"@id":"https:\/\/www.zupa-ubdm-biskupec.hr\/#organization"},"image":{"@type":"ImageObject","url":"https:\/\/www.zupa-ubdm-biskupec.hr\/wp-content\/uploads\/2023\/06\/ispovijed_nemocnih-2.png","width":480,"height":300},"datePublished":"2024-12-18T09:10:16+01:00","dateModified":"2025-04-04T11:30:07+02:00","inLanguage":"hr","mainEntityOfPage":{"@id":"https:\/\/www.zupa-ubdm-biskupec.hr\/?p=8230#webpage"},"isPartOf":{"@id":"https:\/\/www.zupa-ubdm-biskupec.hr\/?p=8230#webpage"},"articleSection":"Najave doga\u0111aja"},{"@type":"BreadcrumbList","@id":"https:\/\/www.zupa-ubdm-biskupec.hr\/?p=8230#breadcrumblist","itemListElement":[{"@type":"ListItem","@id":"https:\/\/www.zupa-ubdm-biskupec.hr#listItem","position":1,"name":"Home","item":"https:\/\/www.zupa-ubdm-biskupec.hr","nextItem":{"@type":"ListItem","@id":"https:\/\/www.zupa-ubdm-biskupec.hr\/?cat=252#listItem","name":"Najave doga\u0111aja"}},{"@type":"ListItem","@id":"https:\/\/www.zupa-ubdm-biskupec.hr\/?cat=252#listItem","position":2,"name":"Najave doga\u0111aja","item":"https:\/\/www.zupa-ubdm-biskupec.hr\/?cat=252","nextItem":{"@type":"ListItem","@id":"https:\/\/www.zupa-ubdm-biskupec.hr\/?p=8230#listItem","name":"POHOD STARIMA I BOLESNIMA"},"previousItem":{"@type":"ListItem","@id":"https:\/\/www.zupa-ubdm-biskupec.hr#listItem","name":"Home"}},{"@type":"ListItem","@id":"https:\/\/www.zupa-ubdm-biskupec.hr\/?p=8230#listItem","position":3,"name":"POHOD STARIMA I BOLESNIMA","previousItem":{"@type":"ListItem","@id":"https:\/\/www.zupa-ubdm-biskupec.hr\/?cat=252#listItem","name":"Najave doga\u0111aja"}}]},{"@type":"Organization","@id":"https:\/\/www.zupa-ubdm-biskupec.hr\/#organization","description":"\u017dupa Uznesenja BDM Bi\u0161kupec","url":"https:\/\/www.zupa-ubdm-biskupec.hr\/"},{"@type":"Person","@id":"https:\/\/www.zupa-ubdm-biskupec.hr\/?author=1#author","url":"https:\/\/www.zupa-ubdm-biskupec.hr\/?author=1","name":"sinisaconar","image":{"@type":"ImageObject","@id":"https:\/\/www.zupa-ubdm-biskupec.hr\/?p=8230#authorImage","url":"https:\/\/secure.gravatar.com\/avatar\/df8c92957073ebd499bf56da29a359fe5d42d1773a45544f6759929c6c8d8918?s=96&d=mm&r=g","width":96,"height":96,"caption":"sinisaconar"}},{"@type":"WebPage","@id":"https:\/\/www.zupa-ubdm-biskupec.hr\/?p=8230#webpage","url":"https:\/\/www.zupa-ubdm-biskupec.hr\/?p=8230","name":"POHOD STARIMA I BOLESNIMA -","description":"NAJAVE IZ \u017dUPE \u2022 Pohod starima i bolesnima u njihovim domovima radi predblagdanske ispovijedi i pri\u010desti bit \u0107e u utorak, 17. prosinca, od 9 sati nadalje. Po\u010dinje se u \u010crncu, nastavlja u Jalkovcu, a zavr\u0161ava na u\u017eem gradskom podru\u010dju.","inLanguage":"hr","isPartOf":{"@id":"https:\/\/www.zupa-ubdm-biskupec.hr\/#website"},"breadcrumb":{"@id":"https:\/\/www.zupa-ubdm-biskupec.hr\/?p=8230#breadcrumblist"},"author":{"@id":"https:\/\/www.zupa-ubdm-biskupec.hr\/?author=1#author"},"creator":{"@id":"https:\/\/www.zupa-ubdm-biskupec.hr\/?author=1#author"},"image":{"@type":"ImageObject","url":"https:\/\/www.zupa-ubdm-biskupec.hr\/wp-content\/uploads\/2023\/06\/ispovijed_nemocnih-2.png","@id":"https:\/\/www.zupa-ubdm-biskupec.hr\/?p=8230\/#mainImage","width":480,"height":300},"primaryImageOfPage":{"@id":"https:\/\/www.zupa-ubdm-biskupec.hr\/?p=8230#mainImage"},"datePublished":"2024-12-18T09:10:16+01:00","dateModified":"2025-04-04T11:30:07+02:00"},{"@type":"WebSite","@id":"https:\/\/www.zupa-ubdm-biskupec.hr\/#website","url":"https:\/\/www.zupa-ubdm-biskupec.hr\/","description":"\u017dupa Uznesenja BDM Bi\u0161kupec","inLanguage":"hr","publisher":{"@id":"https:\/\/www.zupa-ubdm-biskupec.hr\/#organization"}}]},"og:locale":"hr_HR","og:site_name":"- \u017dupa Uznesenja BDM Bi\u0161kupec","og:type":"article","og:title":"POHOD STARIMA I BOLESNIMA -","og:description":"NAJAVE IZ \u017dUPE \u2022 Pohod starima i bolesnima u njihovim domovima radi predblagdanske ispovijedi i pri\u010desti bit \u0107e u utorak, 17. prosinca, od 9 sati nadalje. Po\u010dinje se u \u010crncu, nastavlja u Jalkovcu, a zavr\u0161ava na u\u017eem gradskom podru\u010dju.","og:url":"https:\/\/www.zupa-ubdm-biskupec.hr\/?p=8230","article:published_time":"2024-12-18T08:10:16+00:00","article:modified_time":"2025-04-04T09:30:07+00:00","twitter:card":"summary_large_image","twitter:title":"POHOD STARIMA I BOLESNIMA -","twitter:description":"NAJAVE IZ \u017dUPE \u2022 Pohod starima i bolesnima u njihovim domovima radi predblagdanske ispovijedi i pri\u010desti bit \u0107e u utorak, 17. prosinca, od 9 sati nadalje. Po\u010dinje se u \u010crncu, nastavlja u Jalkovcu, a zavr\u0161ava na u\u017eem gradskom podru\u010dju."},"aioseo_meta_data":{"post_id":"8230","title":null,"description":null,"keywords":null,"keyphrases":null,"primary_term":null,"canonical_url":null,"og_title":null,"og_description":null,"og_object_type":"default","og_image_type":"default","og_image_url":null,"og_image_width":null,"og_image_height":null,"og_image_custom_url":null,"og_image_custom_fields":null,"og_video":null,"og_custom_url":null,"og_article_section":null,"og_article_tags":null,"twitter_use_og":false,"twitter_card":"default","twitter_image_type":"default","twitter_image_url":null,"twitter_image_custom_url":null,"twitter_image_custom_fields":null,"twitter_title":null,"twitter_description":null,"schema":{"blockGraphs":[],"customGraphs":[],"default":{"data":{"Article":[],"Course":[],"Dataset":[],"FAQPage":[],"Movie":[],"Person":[],"Product":[],"ProductReview":[],"Car":[],"Recipe":[],"Service":[],"SoftwareApplication":[],"WebPage":[]},"graphName":"","isEnabled":true},"graphs":[]},"schema_type":"default","schema_type_options":null,"pillar_content":false,"robots_default":true,"robots_noindex":false,"robots_noarchive":false,"robots_nosnippet":false,"robots_nofollow":false,"robots_noimageindex":false,"robots_noodp":false,"robots_notranslate":false,"robots_max_snippet":null,"robots_max_videopreview":null,"robots_max_imagepreview":"large","priority":null,"frequency":null,"local_seo":null,"breadcrumb_settings":null,"limit_modified_date":false,"ai":null,"created":"2025-07-16 14:55:39","updated":"2025-07-16 14:55:39","seo_analyzer_scan_date":null},"aioseo_breadcrumb":"<div class=\"aioseo-breadcrumbs\"><span class=\"aioseo-breadcrumb\">\n\t\t\t<a href=\"https:\/\/www.zupa-ubdm-biskupec.hr\" title=\"Home\">Home<\/a>\n\t\t<\/span><span class=\"aioseo-breadcrumb-separator\">&raquo;<\/span><span class=\"aioseo-breadcrumb\">\n\t\t\t<a href=\"https:\/\/www.zupa-ubdm-biskupec.hr\/?cat=252\" title=\"Najave doga\u0111aja\">Najave doga\u0111aja<\/a>\n\t\t<\/span><span class=\"aioseo-breadcrumb-separator\">&raquo;<\/span><span class=\"aioseo-breadcrumb\">\n\t\t\tPOHOD STARIMA I BOLESNIMA\n\t\t<\/span><\/div>","aioseo_breadcrumb_json":[{"label":"Home","link":"https:\/\/www.zupa-ubdm-biskupec.hr"},{"label":"Najave doga\u0111aja","link":"https:\/\/www.zupa-ubdm-biskupec.hr\/?cat=252"},{"label":"POHOD STARIMA I BOLESNIMA","link":"https:\/\/www.zupa-ubdm-biskupec.hr\/?p=8230"}],"_links":{"self":[{"href":"https:\/\/www.zupa-ubdm-biskupec.hr\/index.php?rest_route=\/wp\/v2\/posts\/8230","targetHints":{"allow":["GET"]}}],"collection":[{"href":"https:\/\/www.zupa-ubdm-biskupec.hr\/index.php?rest_route=\/wp\/v2\/posts"}],"about":[{"href":"https:\/\/www.zupa-ubdm-biskupec.hr\/index.php?rest_route=\/wp\/v2\/types\/post"}],"author":[{"embeddable":true,"href":"https:\/\/www.zupa-ubdm-biskupec.hr\/index.php?rest_route=\/wp\/v2\/users\/1"}],"replies":[{"embeddable":true,"href":"https:\/\/www.zupa-ubdm-biskupec.hr\/index.php?rest_route=%2Fwp%2Fv2%2Fcomments&post=8230"}],"version-history":[{"count":4,"href":"https:\/\/www.zupa-ubdm-biskupec.hr\/index.php?rest_route=\/wp\/v2\/posts\/8230\/revisions"}],"predecessor-version":[{"id":8234,"href":"https:\/\/www.zupa-ubdm-biskupec.hr\/index.php?rest_route=\/wp\/v2\/posts\/8230\/revisions\/8234"}],"wp:featuredmedia":[{"embeddable":true,"href":"https:\/\/www.zupa-ubdm-biskupec.hr\/index.php?rest_route=\/wp\/v2\/media\/4430"}],"wp:attachment":[{"href":"https:\/\/www.zupa-ubdm-biskupec.hr\/index.php?rest_route=%2Fwp%2Fv2%2Fmedia&parent=8230"}],"wp:term":[{"taxonomy":"category","embeddable":true,"href":"https:\/\/www.zupa-ubdm-biskupec.hr\/index.php?rest_route=%2Fwp%2Fv2%2Fcategories&post=8230"},{"taxonomy":"post_tag","embeddable":true,"href":"https:\/\/www.zupa-ubdm-biskupec.hr\/index.php?rest_route=%2Fwp%2Fv2%2Ftags&post=8230"}],"curies":[{"name":"wp","href":"https:\/\/api.w.org\/{rel}","templated":true}]}}