


{"id":674,"date":"2014-03-28T13:14:44","date_gmt":"2014-03-28T12:14:44","guid":{"rendered":"http:\/\/www.zupa-biskupec.com\/?p=674"},"modified":"2014-03-28T13:18:41","modified_gmt":"2014-03-28T12:18:41","slug":"prikazan-prvi-katolicki-crtic-sinkroniziran-na-hrvatski-jezik","status":"publish","type":"post","link":"https:\/\/www.zupa-ubdm-biskupec.hr\/?p=674","title":{"rendered":"PRIKAZAN PRVI KATOLI\u010cKI CRTI\u0106 SINKRONIZIRAN NA HRVATSKI"},"content":{"rendered":"<p>Produkcijska ku\u0107a Laudato premijerno je prikazala prvi katoli\u010dki crti\u0107 \u201eSv. Terezija Avilska\u201c sinkroniziran na hrvatski jezik u \u010detvrtak, 27. o\u017eujka 2014. u samostanu sestara karmeli\u0107anki Bo\u017eanskog Srca Isusova na zagreba\u010dkom Vrhovcu. Projekciji crti\u0107a nazo\u010dila su djeca iz Katoli\u010dkih vrti\u0107a Grada Zagreba sa svojim obiteljima te su odu\u0161evljeno prihvatila crti\u0107 koji je upravo namijenjen njima<\/p>\n<p><object width=\"480\" height=\"360\"><param name=\"movie\" value=\"\/\/www.youtube.com\/v\/sJn2dvSrBnI?version=3&amp;hl=hr_HR\"><\/param><param name=\"allowFullScreen\" value=\"true\"><\/param><param name=\"allowscriptaccess\" value=\"always\"><\/param><embed src=\"\/\/www.youtube.com\/v\/sJn2dvSrBnI?version=3&amp;hl=hr_HR\" type=\"application\/x-shockwave-flash\" width=\"480\" height=\"360\" allowscriptaccess=\"always\" allowfullscreen=\"true\"><\/embed><\/object><\/p>\n","protected":false},"excerpt":{"rendered":"<p>Produkcijska ku\u0107a Laudato premijerno je prikazala prvi katoli\u010dki crti\u0107 \u201eSv. Terezija Avilska\u201c sinkroniziran na hrvatski jezik u \u010detvrtak, 27. [&hellip;]<\/p>\n","protected":false},"author":1,"featured_media":0,"comment_status":"closed","ping_status":"closed","sticky":false,"template":"","format":"standard","meta":{"footnotes":""},"categories":[1],"tags":[],"class_list":["post-674","post","type-post","status-publish","format-standard","hentry","category-novosti-iz-zupe"],"aioseo_notices":[],"_links":{"self":[{"href":"https:\/\/www.zupa-ubdm-biskupec.hr\/index.php?rest_route=\/wp\/v2\/posts\/674","targetHints":{"allow":["GET"]}}],"collection":[{"href":"https:\/\/www.zupa-ubdm-biskupec.hr\/index.php?rest_route=\/wp\/v2\/posts"}],"about":[{"href":"https:\/\/www.zupa-ubdm-biskupec.hr\/index.php?rest_route=\/wp\/v2\/types\/post"}],"author":[{"embeddable":true,"href":"https:\/\/www.zupa-ubdm-biskupec.hr\/index.php?rest_route=\/wp\/v2\/users\/1"}],"replies":[{"embeddable":true,"href":"https:\/\/www.zupa-ubdm-biskupec.hr\/index.php?rest_route=%2Fwp%2Fv2%2Fcomments&post=674"}],"version-history":[{"count":3,"href":"https:\/\/www.zupa-ubdm-biskupec.hr\/index.php?rest_route=\/wp\/v2\/posts\/674\/revisions"}],"predecessor-version":[{"id":677,"href":"https:\/\/www.zupa-ubdm-biskupec.hr\/index.php?rest_route=\/wp\/v2\/posts\/674\/revisions\/677"}],"wp:attachment":[{"href":"https:\/\/www.zupa-ubdm-biskupec.hr\/index.php?rest_route=%2Fwp%2Fv2%2Fmedia&parent=674"}],"wp:term":[{"taxonomy":"category","embeddable":true,"href":"https:\/\/www.zupa-ubdm-biskupec.hr\/index.php?rest_route=%2Fwp%2Fv2%2Fcategories&post=674"},{"taxonomy":"post_tag","embeddable":true,"href":"https:\/\/www.zupa-ubdm-biskupec.hr\/index.php?rest_route=%2Fwp%2Fv2%2Ftags&post=674"}],"curies":[{"name":"wp","href":"https:\/\/api.w.org\/{rel}","templated":true}]}}