


{"id":661,"date":"2014-03-12T21:51:18","date_gmt":"2014-03-12T20:51:18","guid":{"rendered":"http:\/\/www.zupa-biskupec.com\/?p=661"},"modified":"2014-03-12T21:58:58","modified_gmt":"2014-03-12T20:58:58","slug":"zupno-pastoralno-vijece","status":"publish","type":"post","link":"https:\/\/www.zupa-ubdm-biskupec.hr\/?p=661","title":{"rendered":"\u017dUPNO PASTORALNO VIJE\u0106E"},"content":{"rendered":"<p><a href=\"http:\/\/www.zupa-biskupec.com\/wp-content\/uploads\/2014\/03\/vote.jpg\"><img decoding=\"async\" class=\"size-full wp-image-663 alignnone\" alt=\"\" src=\"http:\/\/www.zupa-biskupec.com\/wp-content\/uploads\/2014\/03\/vote.jpg\" width=\"200\" height=\"133\" \/><\/a><\/p>\n<p>U nedjelju <strong>30. o\u017eujka<\/strong> odr\u017eat \u0107e se <strong>izbori za \u017dupno pastoralno vije\u0107e<\/strong> na\u0161e \u017eupe. Do <strong>20. o\u017eujka<\/strong> mo\u017eete se prijaviti kao kandidat.<\/p>\n","protected":false},"excerpt":{"rendered":"<p>U nedjelju 30. o\u017eujka odr\u017eat \u0107e se izbori za \u017dupno pastoralno vije\u0107e na\u0161e \u017eupe. Do 20. o\u017eujka mo\u017eete se [&hellip;]<\/p>\n","protected":false},"author":1,"featured_media":0,"comment_status":"closed","ping_status":"closed","sticky":false,"template":"","format":"standard","meta":{"footnotes":""},"categories":[1],"tags":[],"class_list":["post-661","post","type-post","status-publish","format-standard","hentry","category-novosti-iz-zupe"],"aioseo_notices":[],"_links":{"self":[{"href":"https:\/\/www.zupa-ubdm-biskupec.hr\/index.php?rest_route=\/wp\/v2\/posts\/661","targetHints":{"allow":["GET"]}}],"collection":[{"href":"https:\/\/www.zupa-ubdm-biskupec.hr\/index.php?rest_route=\/wp\/v2\/posts"}],"about":[{"href":"https:\/\/www.zupa-ubdm-biskupec.hr\/index.php?rest_route=\/wp\/v2\/types\/post"}],"author":[{"embeddable":true,"href":"https:\/\/www.zupa-ubdm-biskupec.hr\/index.php?rest_route=\/wp\/v2\/users\/1"}],"replies":[{"embeddable":true,"href":"https:\/\/www.zupa-ubdm-biskupec.hr\/index.php?rest_route=%2Fwp%2Fv2%2Fcomments&post=661"}],"version-history":[{"count":3,"href":"https:\/\/www.zupa-ubdm-biskupec.hr\/index.php?rest_route=\/wp\/v2\/posts\/661\/revisions"}],"predecessor-version":[{"id":665,"href":"https:\/\/www.zupa-ubdm-biskupec.hr\/index.php?rest_route=\/wp\/v2\/posts\/661\/revisions\/665"}],"wp:attachment":[{"href":"https:\/\/www.zupa-ubdm-biskupec.hr\/index.php?rest_route=%2Fwp%2Fv2%2Fmedia&parent=661"}],"wp:term":[{"taxonomy":"category","embeddable":true,"href":"https:\/\/www.zupa-ubdm-biskupec.hr\/index.php?rest_route=%2Fwp%2Fv2%2Fcategories&post=661"},{"taxonomy":"post_tag","embeddable":true,"href":"https:\/\/www.zupa-ubdm-biskupec.hr\/index.php?rest_route=%2Fwp%2Fv2%2Ftags&post=661"}],"curies":[{"name":"wp","href":"https:\/\/api.w.org\/{rel}","templated":true}]}}