


{"id":281,"date":"2013-10-10T06:58:30","date_gmt":"2013-10-10T04:58:30","guid":{"rendered":"http:\/\/www.zupa-biskupec.com\/w_p\/?p=281"},"modified":"2014-03-29T08:55:21","modified_gmt":"2014-03-29T07:55:21","slug":"prvi-nastup-djecjeg-zbora-nase-zupe-2","status":"publish","type":"post","link":"https:\/\/www.zupa-ubdm-biskupec.hr\/?p=281","title":{"rendered":"PRVI NASTUP DJE\u010cJEG ZBORA NA\u0160E \u017dUPE"},"content":{"rendered":"<p>U subotu, <strong>5. listopada 2013.<\/strong> odr\u017ean je<strong> susret djece i roditelja kod sestara ur\u0161ulinki u Vara\u017edinu<\/strong>. Susretu su prisustvovali dje\u010dji zborovi Zagreba\u010dke nadbiskupije: Dugave, Travno, Utrina-Zapru\u0111e-Sredi\u0161\u0107e, te Vara\u017edinske biskupije: Sra\u010dinec i Bi\u0161kupec. Tema susreta bila je \u201eBudite povezani vezom ljubavi.\u201c To je geslo sv. An\u0111ele Merici, o kojoj smo tog dana mnogo nau\u010dili. Susret je po\u010deo misnim slavljem u Ur\u0161ulinskoj crkvi koje je predvodio pre\u010d. Franjo Bi\u0161kup. Nakon dru\u017eenja i okrijepe nastupili su zborovi, gdje je dje\u010dji zbor na\u0161e \u017eupe uspje\u0161no izveo svoj prvi nastup pjesmom \u201eKad Isus dolazi\u201c. U skupinama po razredima kreirali smo pjesme o sv. An\u0111eli kroz glumu, ples, crte\u017ee&#8230; Na kraju susreta svaki je zbor primio zahvalnicu. Taj je dan bio posve\u0107en Bogu. Uspjeli smo taknuti dje\u010dja srda\u0161ca, usre\u0107iti ih i pru\u017eiti ne\u0161to novo, a temelj toga je zajedni\u0161tvo u Bogu. Uistinu smo bili povezani vezom ljubavi. Pozivamo djecu od 1. do 6. razreda da se pridru\u017ee zboru, gdje \u0107emo zajedno pjesmom slaviti Boga, moliti i puno se dru\u017eiti. Probe su subotom u 10 sati u \u017eupnoj dvorani u Bi\u0161kupcu. Voditelji zbora su Filip Tenko (orgulja\u0161) i Janja Sontor (dirigentica).<\/p>\n<p>[foldergallery folder=&#8221;images\/marijni_andeli&#8221; title=&#8221;Marijine andeli&#8221;]<\/p>\n<p>\u00a0<\/p>\n","protected":false},"excerpt":{"rendered":"<p>U subotu, 5. listopada 2013. odr\u017ean je susret djece i roditelja kod sestara ur\u0161ulinki u Vara\u017edinu. Susretu su prisustvovali [&hellip;]<\/p>\n","protected":false},"author":1,"featured_media":0,"comment_status":"closed","ping_status":"closed","sticky":false,"template":"","format":"standard","meta":{"footnotes":""},"categories":[1],"tags":[],"class_list":["post-281","post","type-post","status-publish","format-standard","hentry","category-novosti-iz-zupe"],"aioseo_notices":[],"_links":{"self":[{"href":"https:\/\/www.zupa-ubdm-biskupec.hr\/index.php?rest_route=\/wp\/v2\/posts\/281","targetHints":{"allow":["GET"]}}],"collection":[{"href":"https:\/\/www.zupa-ubdm-biskupec.hr\/index.php?rest_route=\/wp\/v2\/posts"}],"about":[{"href":"https:\/\/www.zupa-ubdm-biskupec.hr\/index.php?rest_route=\/wp\/v2\/types\/post"}],"author":[{"embeddable":true,"href":"https:\/\/www.zupa-ubdm-biskupec.hr\/index.php?rest_route=\/wp\/v2\/users\/1"}],"replies":[{"embeddable":true,"href":"https:\/\/www.zupa-ubdm-biskupec.hr\/index.php?rest_route=%2Fwp%2Fv2%2Fcomments&post=281"}],"version-history":[{"count":2,"href":"https:\/\/www.zupa-ubdm-biskupec.hr\/index.php?rest_route=\/wp\/v2\/posts\/281\/revisions"}],"predecessor-version":[{"id":683,"href":"https:\/\/www.zupa-ubdm-biskupec.hr\/index.php?rest_route=\/wp\/v2\/posts\/281\/revisions\/683"}],"wp:attachment":[{"href":"https:\/\/www.zupa-ubdm-biskupec.hr\/index.php?rest_route=%2Fwp%2Fv2%2Fmedia&parent=281"}],"wp:term":[{"taxonomy":"category","embeddable":true,"href":"https:\/\/www.zupa-ubdm-biskupec.hr\/index.php?rest_route=%2Fwp%2Fv2%2Fcategories&post=281"},{"taxonomy":"post_tag","embeddable":true,"href":"https:\/\/www.zupa-ubdm-biskupec.hr\/index.php?rest_route=%2Fwp%2Fv2%2Ftags&post=281"}],"curies":[{"name":"wp","href":"https:\/\/api.w.org\/{rel}","templated":true}]}}