


{"id":2777,"date":"2021-05-27T17:02:36","date_gmt":"2021-05-27T15:02:36","guid":{"rendered":"https:\/\/www.zupa-ubdm-biskupec.hr\/?p=2777"},"modified":"2025-04-04T11:41:45","modified_gmt":"2025-04-04T09:41:45","slug":"tijelovo-u-varazdinu","status":"publish","type":"post","link":"https:\/\/www.zupa-ubdm-biskupec.hr\/?p=2777","title":{"rendered":"TIJELOVO U VARA\u017dDINU"},"content":{"rendered":"<p><a href=\"https:\/\/www.zupa-ubdm-biskupec.hr\/?attachment_id=1922\" rel=\"attachment wp-att-1922\"><img decoding=\"async\" class=\"aligncenter size-full wp-image-1922\" src=\"https:\/\/www.zupa-ubdm-biskupec.hr\/wp-content\/uploads\/2016\/09\/ihs.jpg\" alt=\"\" width=\"200\" height=\"200\" srcset=\"https:\/\/www.zupa-ubdm-biskupec.hr\/wp-content\/uploads\/2016\/09\/ihs.jpg 200w, https:\/\/www.zupa-ubdm-biskupec.hr\/wp-content\/uploads\/2016\/09\/ihs-150x150.jpg 150w\" sizes=\"(max-width: 200px) 100vw, 200px\" \/><\/a>U \u010detvrtak, na svetkovinu Tijelova, sredi\u0161nje misno slavlje za sve \u017eupe grada Vara\u017edina predvodit \u0107e na\u0161 biskup, mons. Bo\u017ee Rado\u0161, u katedrali s po\u010detkom u 10:00 sati. Ukoliko \u0107e to vremenski uvjeti dopustiti, nakon mise bit \u0107e tijelovska procesija ulicama grada Vara\u017edina.<\/p>\n","protected":false},"excerpt":{"rendered":"<p>U \u010detvrtak, na svetkovinu Tijelova, sredi\u0161nje misno slavlje za sve \u017eupe grada Vara\u017edina predvodit \u0107e na\u0161 biskup, mons. Bo\u017ee [&hellip;]<\/p>\n","protected":false},"author":1,"featured_media":0,"comment_status":"closed","ping_status":"closed","sticky":false,"template":"elementor_header_footer","format":"standard","meta":{"footnotes":""},"categories":[252],"tags":[],"class_list":["post-2777","post","type-post","status-publish","format-standard","hentry","category-najave-dogadaja"],"aioseo_notices":[],"aioseo_head":"\n\t\t<!-- All in One SEO 4.9.8 - aioseo.com -->\n\t<meta name=\"description\" content=\"U \u010detvrtak, na svetkovinu Tijelova, sredi\u0161nje misno slavlje za sve \u017eupe grada Vara\u017edina predvodit \u0107e na\u0161 biskup, mons. Bo\u017ee Rado\u0161, u katedrali s po\u010detkom u 10:00 sati. Ukoliko \u0107e to vremenski uvjeti dopustiti, nakon mise bit \u0107e tijelovska procesija ulicama grada Vara\u017edina.\" \/>\n\t<meta name=\"robots\" content=\"max-image-preview:large\" \/>\n\t<meta name=\"author\" content=\"sinisaconar\"\/>\n\t<link rel=\"canonical\" href=\"https:\/\/www.zupa-ubdm-biskupec.hr\/?p=2777\" \/>\n\t<meta name=\"generator\" content=\"All in One SEO (AIOSEO) 4.9.8\" \/>\n\t\t<meta property=\"og:locale\" content=\"hr_HR\" \/>\n\t\t<meta property=\"og:site_name\" content=\"- \u017dupa Uznesenja BDM Bi\u0161kupec\" \/>\n\t\t<meta property=\"og:type\" content=\"article\" \/>\n\t\t<meta property=\"og:title\" content=\"TIJELOVO U VARA\u017dDINU -\" \/>\n\t\t<meta property=\"og:description\" content=\"U \u010detvrtak, na svetkovinu Tijelova, sredi\u0161nje misno slavlje za sve \u017eupe grada Vara\u017edina predvodit \u0107e na\u0161 biskup, mons. Bo\u017ee Rado\u0161, u katedrali s po\u010detkom u 10:00 sati. Ukoliko \u0107e to vremenski uvjeti dopustiti, nakon mise bit \u0107e tijelovska procesija ulicama grada Vara\u017edina.\" \/>\n\t\t<meta property=\"og:url\" content=\"https:\/\/www.zupa-ubdm-biskupec.hr\/?p=2777\" \/>\n\t\t<meta property=\"article:published_time\" content=\"2021-05-27T15:02:36+00:00\" \/>\n\t\t<meta property=\"article:modified_time\" content=\"2025-04-04T09:41:45+00:00\" \/>\n\t\t<meta name=\"twitter:card\" content=\"summary_large_image\" \/>\n\t\t<meta name=\"twitter:title\" content=\"TIJELOVO U VARA\u017dDINU -\" \/>\n\t\t<meta name=\"twitter:description\" content=\"U \u010detvrtak, na svetkovinu Tijelova, sredi\u0161nje misno slavlje za sve \u017eupe grada Vara\u017edina predvodit \u0107e na\u0161 biskup, mons. Bo\u017ee Rado\u0161, u katedrali s po\u010detkom u 10:00 sati. Ukoliko \u0107e to vremenski uvjeti dopustiti, nakon mise bit \u0107e tijelovska procesija ulicama grada Vara\u017edina.\" \/>\n\t\t<script type=\"application\/ld+json\" class=\"aioseo-schema\">\n\t\t\t{\"@context\":\"https:\\\/\\\/schema.org\",\"@graph\":[{\"@type\":\"BlogPosting\",\"@id\":\"https:\\\/\\\/www.zupa-ubdm-biskupec.hr\\\/?p=2777#blogposting\",\"name\":\"TIJELOVO U VARA\\u017dDINU -\",\"headline\":\"TIJELOVO U VARA\\u017dDINU\",\"author\":{\"@id\":\"https:\\\/\\\/www.zupa-ubdm-biskupec.hr\\\/?author=1#author\"},\"publisher\":{\"@id\":\"https:\\\/\\\/www.zupa-ubdm-biskupec.hr\\\/#organization\"},\"image\":{\"@type\":\"ImageObject\",\"url\":\"https:\\\/\\\/www.zupa-ubdm-biskupec.hr\\\/wp-content\\\/uploads\\\/2016\\\/09\\\/ihs.jpg\",\"@id\":\"https:\\\/\\\/www.zupa-ubdm-biskupec.hr\\\/?p=2777\\\/#articleImage\",\"width\":200,\"height\":200},\"datePublished\":\"2021-05-27T17:02:36+02:00\",\"dateModified\":\"2025-04-04T11:41:45+02:00\",\"inLanguage\":\"hr\",\"mainEntityOfPage\":{\"@id\":\"https:\\\/\\\/www.zupa-ubdm-biskupec.hr\\\/?p=2777#webpage\"},\"isPartOf\":{\"@id\":\"https:\\\/\\\/www.zupa-ubdm-biskupec.hr\\\/?p=2777#webpage\"},\"articleSection\":\"Najave doga\\u0111aja\"},{\"@type\":\"BreadcrumbList\",\"@id\":\"https:\\\/\\\/www.zupa-ubdm-biskupec.hr\\\/?p=2777#breadcrumblist\",\"itemListElement\":[{\"@type\":\"ListItem\",\"@id\":\"https:\\\/\\\/www.zupa-ubdm-biskupec.hr#listItem\",\"position\":1,\"name\":\"Home\",\"item\":\"https:\\\/\\\/www.zupa-ubdm-biskupec.hr\",\"nextItem\":{\"@type\":\"ListItem\",\"@id\":\"https:\\\/\\\/www.zupa-ubdm-biskupec.hr\\\/?cat=252#listItem\",\"name\":\"Najave doga\\u0111aja\"}},{\"@type\":\"ListItem\",\"@id\":\"https:\\\/\\\/www.zupa-ubdm-biskupec.hr\\\/?cat=252#listItem\",\"position\":2,\"name\":\"Najave doga\\u0111aja\",\"item\":\"https:\\\/\\\/www.zupa-ubdm-biskupec.hr\\\/?cat=252\",\"nextItem\":{\"@type\":\"ListItem\",\"@id\":\"https:\\\/\\\/www.zupa-ubdm-biskupec.hr\\\/?p=2777#listItem\",\"name\":\"TIJELOVO U VARA\\u017dDINU\"},\"previousItem\":{\"@type\":\"ListItem\",\"@id\":\"https:\\\/\\\/www.zupa-ubdm-biskupec.hr#listItem\",\"name\":\"Home\"}},{\"@type\":\"ListItem\",\"@id\":\"https:\\\/\\\/www.zupa-ubdm-biskupec.hr\\\/?p=2777#listItem\",\"position\":3,\"name\":\"TIJELOVO U VARA\\u017dDINU\",\"previousItem\":{\"@type\":\"ListItem\",\"@id\":\"https:\\\/\\\/www.zupa-ubdm-biskupec.hr\\\/?cat=252#listItem\",\"name\":\"Najave doga\\u0111aja\"}}]},{\"@type\":\"Organization\",\"@id\":\"https:\\\/\\\/www.zupa-ubdm-biskupec.hr\\\/#organization\",\"description\":\"\\u017dupa Uznesenja BDM Bi\\u0161kupec\",\"url\":\"https:\\\/\\\/www.zupa-ubdm-biskupec.hr\\\/\"},{\"@type\":\"Person\",\"@id\":\"https:\\\/\\\/www.zupa-ubdm-biskupec.hr\\\/?author=1#author\",\"url\":\"https:\\\/\\\/www.zupa-ubdm-biskupec.hr\\\/?author=1\",\"name\":\"sinisaconar\",\"image\":{\"@type\":\"ImageObject\",\"@id\":\"https:\\\/\\\/www.zupa-ubdm-biskupec.hr\\\/?p=2777#authorImage\",\"url\":\"https:\\\/\\\/secure.gravatar.com\\\/avatar\\\/df8c92957073ebd499bf56da29a359fe5d42d1773a45544f6759929c6c8d8918?s=96&d=mm&r=g\",\"width\":96,\"height\":96,\"caption\":\"sinisaconar\"}},{\"@type\":\"WebPage\",\"@id\":\"https:\\\/\\\/www.zupa-ubdm-biskupec.hr\\\/?p=2777#webpage\",\"url\":\"https:\\\/\\\/www.zupa-ubdm-biskupec.hr\\\/?p=2777\",\"name\":\"TIJELOVO U VARA\\u017dDINU -\",\"description\":\"U \\u010detvrtak, na svetkovinu Tijelova, sredi\\u0161nje misno slavlje za sve \\u017eupe grada Vara\\u017edina predvodit \\u0107e na\\u0161 biskup, mons. Bo\\u017ee Rado\\u0161, u katedrali s po\\u010detkom u 10:00 sati. Ukoliko \\u0107e to vremenski uvjeti dopustiti, nakon mise bit \\u0107e tijelovska procesija ulicama grada Vara\\u017edina.\",\"inLanguage\":\"hr\",\"isPartOf\":{\"@id\":\"https:\\\/\\\/www.zupa-ubdm-biskupec.hr\\\/#website\"},\"breadcrumb\":{\"@id\":\"https:\\\/\\\/www.zupa-ubdm-biskupec.hr\\\/?p=2777#breadcrumblist\"},\"author\":{\"@id\":\"https:\\\/\\\/www.zupa-ubdm-biskupec.hr\\\/?author=1#author\"},\"creator\":{\"@id\":\"https:\\\/\\\/www.zupa-ubdm-biskupec.hr\\\/?author=1#author\"},\"datePublished\":\"2021-05-27T17:02:36+02:00\",\"dateModified\":\"2025-04-04T11:41:45+02:00\"},{\"@type\":\"WebSite\",\"@id\":\"https:\\\/\\\/www.zupa-ubdm-biskupec.hr\\\/#website\",\"url\":\"https:\\\/\\\/www.zupa-ubdm-biskupec.hr\\\/\",\"description\":\"\\u017dupa Uznesenja BDM Bi\\u0161kupec\",\"inLanguage\":\"hr\",\"publisher\":{\"@id\":\"https:\\\/\\\/www.zupa-ubdm-biskupec.hr\\\/#organization\"}}]}\n\t\t<\/script>\n\t\t<!-- All in One SEO -->\n\n","aioseo_head_json":{"title":"TIJELOVO U VARA\u017dDINU -","description":"U \u010detvrtak, na svetkovinu Tijelova, sredi\u0161nje misno slavlje za sve \u017eupe grada Vara\u017edina predvodit \u0107e na\u0161 biskup, mons. Bo\u017ee Rado\u0161, u katedrali s po\u010detkom u 10:00 sati. Ukoliko \u0107e to vremenski uvjeti dopustiti, nakon mise bit \u0107e tijelovska procesija ulicama grada Vara\u017edina.","canonical_url":"https:\/\/www.zupa-ubdm-biskupec.hr\/?p=2777","robots":"max-image-preview:large","keywords":"","webmasterTools":{"miscellaneous":""},"schema":{"@context":"https:\/\/schema.org","@graph":[{"@type":"BlogPosting","@id":"https:\/\/www.zupa-ubdm-biskupec.hr\/?p=2777#blogposting","name":"TIJELOVO U VARA\u017dDINU -","headline":"TIJELOVO U VARA\u017dDINU","author":{"@id":"https:\/\/www.zupa-ubdm-biskupec.hr\/?author=1#author"},"publisher":{"@id":"https:\/\/www.zupa-ubdm-biskupec.hr\/#organization"},"image":{"@type":"ImageObject","url":"https:\/\/www.zupa-ubdm-biskupec.hr\/wp-content\/uploads\/2016\/09\/ihs.jpg","@id":"https:\/\/www.zupa-ubdm-biskupec.hr\/?p=2777\/#articleImage","width":200,"height":200},"datePublished":"2021-05-27T17:02:36+02:00","dateModified":"2025-04-04T11:41:45+02:00","inLanguage":"hr","mainEntityOfPage":{"@id":"https:\/\/www.zupa-ubdm-biskupec.hr\/?p=2777#webpage"},"isPartOf":{"@id":"https:\/\/www.zupa-ubdm-biskupec.hr\/?p=2777#webpage"},"articleSection":"Najave doga\u0111aja"},{"@type":"BreadcrumbList","@id":"https:\/\/www.zupa-ubdm-biskupec.hr\/?p=2777#breadcrumblist","itemListElement":[{"@type":"ListItem","@id":"https:\/\/www.zupa-ubdm-biskupec.hr#listItem","position":1,"name":"Home","item":"https:\/\/www.zupa-ubdm-biskupec.hr","nextItem":{"@type":"ListItem","@id":"https:\/\/www.zupa-ubdm-biskupec.hr\/?cat=252#listItem","name":"Najave doga\u0111aja"}},{"@type":"ListItem","@id":"https:\/\/www.zupa-ubdm-biskupec.hr\/?cat=252#listItem","position":2,"name":"Najave doga\u0111aja","item":"https:\/\/www.zupa-ubdm-biskupec.hr\/?cat=252","nextItem":{"@type":"ListItem","@id":"https:\/\/www.zupa-ubdm-biskupec.hr\/?p=2777#listItem","name":"TIJELOVO U VARA\u017dDINU"},"previousItem":{"@type":"ListItem","@id":"https:\/\/www.zupa-ubdm-biskupec.hr#listItem","name":"Home"}},{"@type":"ListItem","@id":"https:\/\/www.zupa-ubdm-biskupec.hr\/?p=2777#listItem","position":3,"name":"TIJELOVO U VARA\u017dDINU","previousItem":{"@type":"ListItem","@id":"https:\/\/www.zupa-ubdm-biskupec.hr\/?cat=252#listItem","name":"Najave doga\u0111aja"}}]},{"@type":"Organization","@id":"https:\/\/www.zupa-ubdm-biskupec.hr\/#organization","description":"\u017dupa Uznesenja BDM Bi\u0161kupec","url":"https:\/\/www.zupa-ubdm-biskupec.hr\/"},{"@type":"Person","@id":"https:\/\/www.zupa-ubdm-biskupec.hr\/?author=1#author","url":"https:\/\/www.zupa-ubdm-biskupec.hr\/?author=1","name":"sinisaconar","image":{"@type":"ImageObject","@id":"https:\/\/www.zupa-ubdm-biskupec.hr\/?p=2777#authorImage","url":"https:\/\/secure.gravatar.com\/avatar\/df8c92957073ebd499bf56da29a359fe5d42d1773a45544f6759929c6c8d8918?s=96&d=mm&r=g","width":96,"height":96,"caption":"sinisaconar"}},{"@type":"WebPage","@id":"https:\/\/www.zupa-ubdm-biskupec.hr\/?p=2777#webpage","url":"https:\/\/www.zupa-ubdm-biskupec.hr\/?p=2777","name":"TIJELOVO U VARA\u017dDINU -","description":"U \u010detvrtak, na svetkovinu Tijelova, sredi\u0161nje misno slavlje za sve \u017eupe grada Vara\u017edina predvodit \u0107e na\u0161 biskup, mons. Bo\u017ee Rado\u0161, u katedrali s po\u010detkom u 10:00 sati. Ukoliko \u0107e to vremenski uvjeti dopustiti, nakon mise bit \u0107e tijelovska procesija ulicama grada Vara\u017edina.","inLanguage":"hr","isPartOf":{"@id":"https:\/\/www.zupa-ubdm-biskupec.hr\/#website"},"breadcrumb":{"@id":"https:\/\/www.zupa-ubdm-biskupec.hr\/?p=2777#breadcrumblist"},"author":{"@id":"https:\/\/www.zupa-ubdm-biskupec.hr\/?author=1#author"},"creator":{"@id":"https:\/\/www.zupa-ubdm-biskupec.hr\/?author=1#author"},"datePublished":"2021-05-27T17:02:36+02:00","dateModified":"2025-04-04T11:41:45+02:00"},{"@type":"WebSite","@id":"https:\/\/www.zupa-ubdm-biskupec.hr\/#website","url":"https:\/\/www.zupa-ubdm-biskupec.hr\/","description":"\u017dupa Uznesenja BDM Bi\u0161kupec","inLanguage":"hr","publisher":{"@id":"https:\/\/www.zupa-ubdm-biskupec.hr\/#organization"}}]},"og:locale":"hr_HR","og:site_name":"- \u017dupa Uznesenja BDM Bi\u0161kupec","og:type":"article","og:title":"TIJELOVO U VARA\u017dDINU -","og:description":"U \u010detvrtak, na svetkovinu Tijelova, sredi\u0161nje misno slavlje za sve \u017eupe grada Vara\u017edina predvodit \u0107e na\u0161 biskup, mons. Bo\u017ee Rado\u0161, u katedrali s po\u010detkom u 10:00 sati. Ukoliko \u0107e to vremenski uvjeti dopustiti, nakon mise bit \u0107e tijelovska procesija ulicama grada Vara\u017edina.","og:url":"https:\/\/www.zupa-ubdm-biskupec.hr\/?p=2777","article:published_time":"2021-05-27T15:02:36+00:00","article:modified_time":"2025-04-04T09:41:45+00:00","twitter:card":"summary_large_image","twitter:title":"TIJELOVO U VARA\u017dDINU -","twitter:description":"U \u010detvrtak, na svetkovinu Tijelova, sredi\u0161nje misno slavlje za sve \u017eupe grada Vara\u017edina predvodit \u0107e na\u0161 biskup, mons. Bo\u017ee Rado\u0161, u katedrali s po\u010detkom u 10:00 sati. Ukoliko \u0107e to vremenski uvjeti dopustiti, nakon mise bit \u0107e tijelovska procesija ulicama grada Vara\u017edina."},"aioseo_meta_data":{"post_id":"2777","title":null,"description":null,"keywords":null,"keyphrases":null,"primary_term":null,"canonical_url":null,"og_title":null,"og_description":null,"og_object_type":"default","og_image_type":"default","og_image_url":null,"og_image_width":null,"og_image_height":null,"og_image_custom_url":null,"og_image_custom_fields":null,"og_video":null,"og_custom_url":null,"og_article_section":null,"og_article_tags":null,"twitter_use_og":false,"twitter_card":"default","twitter_image_type":"default","twitter_image_url":null,"twitter_image_custom_url":null,"twitter_image_custom_fields":null,"twitter_title":null,"twitter_description":null,"schema":{"blockGraphs":[],"customGraphs":[],"default":{"data":{"Article":[],"Course":[],"Dataset":[],"FAQPage":[],"Movie":[],"Person":[],"Product":[],"ProductReview":[],"Car":[],"Recipe":[],"Service":[],"SoftwareApplication":[],"WebPage":[]},"graphName":"","isEnabled":true},"graphs":[]},"schema_type":"default","schema_type_options":null,"pillar_content":false,"robots_default":true,"robots_noindex":false,"robots_noarchive":false,"robots_nosnippet":false,"robots_nofollow":false,"robots_noimageindex":false,"robots_noodp":false,"robots_notranslate":false,"robots_max_snippet":null,"robots_max_videopreview":null,"robots_max_imagepreview":"large","priority":null,"frequency":null,"local_seo":null,"breadcrumb_settings":null,"limit_modified_date":false,"ai":null,"created":"2025-07-16 14:53:13","updated":"2025-07-16 14:53:13","seo_analyzer_scan_date":null},"aioseo_breadcrumb":"<div class=\"aioseo-breadcrumbs\"><span class=\"aioseo-breadcrumb\">\n\t\t\t<a href=\"https:\/\/www.zupa-ubdm-biskupec.hr\" title=\"Home\">Home<\/a>\n\t\t<\/span><span class=\"aioseo-breadcrumb-separator\">&raquo;<\/span><span class=\"aioseo-breadcrumb\">\n\t\t\t<a href=\"https:\/\/www.zupa-ubdm-biskupec.hr\/?cat=252\" title=\"Najave doga\u0111aja\">Najave doga\u0111aja<\/a>\n\t\t<\/span><span class=\"aioseo-breadcrumb-separator\">&raquo;<\/span><span class=\"aioseo-breadcrumb\">\n\t\t\tTIJELOVO U VARA\u017dDINU\n\t\t<\/span><\/div>","aioseo_breadcrumb_json":[{"label":"Home","link":"https:\/\/www.zupa-ubdm-biskupec.hr"},{"label":"Najave doga\u0111aja","link":"https:\/\/www.zupa-ubdm-biskupec.hr\/?cat=252"},{"label":"TIJELOVO U VARA\u017dDINU","link":"https:\/\/www.zupa-ubdm-biskupec.hr\/?p=2777"}],"_links":{"self":[{"href":"https:\/\/www.zupa-ubdm-biskupec.hr\/index.php?rest_route=\/wp\/v2\/posts\/2777","targetHints":{"allow":["GET"]}}],"collection":[{"href":"https:\/\/www.zupa-ubdm-biskupec.hr\/index.php?rest_route=\/wp\/v2\/posts"}],"about":[{"href":"https:\/\/www.zupa-ubdm-biskupec.hr\/index.php?rest_route=\/wp\/v2\/types\/post"}],"author":[{"embeddable":true,"href":"https:\/\/www.zupa-ubdm-biskupec.hr\/index.php?rest_route=\/wp\/v2\/users\/1"}],"replies":[{"embeddable":true,"href":"https:\/\/www.zupa-ubdm-biskupec.hr\/index.php?rest_route=%2Fwp%2Fv2%2Fcomments&post=2777"}],"version-history":[{"count":2,"href":"https:\/\/www.zupa-ubdm-biskupec.hr\/index.php?rest_route=\/wp\/v2\/posts\/2777\/revisions"}],"predecessor-version":[{"id":2779,"href":"https:\/\/www.zupa-ubdm-biskupec.hr\/index.php?rest_route=\/wp\/v2\/posts\/2777\/revisions\/2779"}],"wp:attachment":[{"href":"https:\/\/www.zupa-ubdm-biskupec.hr\/index.php?rest_route=%2Fwp%2Fv2%2Fmedia&parent=2777"}],"wp:term":[{"taxonomy":"category","embeddable":true,"href":"https:\/\/www.zupa-ubdm-biskupec.hr\/index.php?rest_route=%2Fwp%2Fv2%2Fcategories&post=2777"},{"taxonomy":"post_tag","embeddable":true,"href":"https:\/\/www.zupa-ubdm-biskupec.hr\/index.php?rest_route=%2Fwp%2Fv2%2Ftags&post=2777"}],"curies":[{"name":"wp","href":"https:\/\/api.w.org\/{rel}","templated":true}]}}