


{"id":2777,"date":"2021-05-27T17:02:36","date_gmt":"2021-05-27T15:02:36","guid":{"rendered":"https:\/\/www.zupa-ubdm-biskupec.hr\/?p=2777"},"modified":"2025-04-04T11:41:45","modified_gmt":"2025-04-04T09:41:45","slug":"tijelovo-u-varazdinu","status":"publish","type":"post","link":"https:\/\/www.zupa-ubdm-biskupec.hr\/?p=2777","title":{"rendered":"TIJELOVO U VARA\u017dDINU"},"content":{"rendered":"<p><a href=\"https:\/\/www.zupa-ubdm-biskupec.hr\/?attachment_id=1922\" rel=\"attachment wp-att-1922\"><img decoding=\"async\" class=\"aligncenter size-full wp-image-1922\" src=\"https:\/\/www.zupa-ubdm-biskupec.hr\/wp-content\/uploads\/2016\/09\/ihs.jpg\" alt=\"\" width=\"200\" height=\"200\" srcset=\"https:\/\/www.zupa-ubdm-biskupec.hr\/wp-content\/uploads\/2016\/09\/ihs.jpg 200w, https:\/\/www.zupa-ubdm-biskupec.hr\/wp-content\/uploads\/2016\/09\/ihs-150x150.jpg 150w\" sizes=\"(max-width: 200px) 100vw, 200px\" \/><\/a>U \u010detvrtak, na svetkovinu Tijelova, sredi\u0161nje misno slavlje za sve \u017eupe grada Vara\u017edina predvodit \u0107e na\u0161 biskup, mons. Bo\u017ee Rado\u0161, u katedrali s po\u010detkom u 10:00 sati. Ukoliko \u0107e to vremenski uvjeti dopustiti, nakon mise bit \u0107e tijelovska procesija ulicama grada Vara\u017edina.<\/p>\n","protected":false},"excerpt":{"rendered":"<p>U \u010detvrtak, na svetkovinu Tijelova, sredi\u0161nje misno slavlje za sve \u017eupe grada Vara\u017edina predvodit \u0107e na\u0161 biskup, mons. Bo\u017ee [&hellip;]<\/p>\n","protected":false},"author":1,"featured_media":0,"comment_status":"closed","ping_status":"closed","sticky":false,"template":"elementor_header_footer","format":"standard","meta":{"footnotes":""},"categories":[252],"tags":[],"class_list":["post-2777","post","type-post","status-publish","format-standard","hentry","category-najave-dogadaja"],"aioseo_notices":[],"_links":{"self":[{"href":"https:\/\/www.zupa-ubdm-biskupec.hr\/index.php?rest_route=\/wp\/v2\/posts\/2777","targetHints":{"allow":["GET"]}}],"collection":[{"href":"https:\/\/www.zupa-ubdm-biskupec.hr\/index.php?rest_route=\/wp\/v2\/posts"}],"about":[{"href":"https:\/\/www.zupa-ubdm-biskupec.hr\/index.php?rest_route=\/wp\/v2\/types\/post"}],"author":[{"embeddable":true,"href":"https:\/\/www.zupa-ubdm-biskupec.hr\/index.php?rest_route=\/wp\/v2\/users\/1"}],"replies":[{"embeddable":true,"href":"https:\/\/www.zupa-ubdm-biskupec.hr\/index.php?rest_route=%2Fwp%2Fv2%2Fcomments&post=2777"}],"version-history":[{"count":2,"href":"https:\/\/www.zupa-ubdm-biskupec.hr\/index.php?rest_route=\/wp\/v2\/posts\/2777\/revisions"}],"predecessor-version":[{"id":2779,"href":"https:\/\/www.zupa-ubdm-biskupec.hr\/index.php?rest_route=\/wp\/v2\/posts\/2777\/revisions\/2779"}],"wp:attachment":[{"href":"https:\/\/www.zupa-ubdm-biskupec.hr\/index.php?rest_route=%2Fwp%2Fv2%2Fmedia&parent=2777"}],"wp:term":[{"taxonomy":"category","embeddable":true,"href":"https:\/\/www.zupa-ubdm-biskupec.hr\/index.php?rest_route=%2Fwp%2Fv2%2Fcategories&post=2777"},{"taxonomy":"post_tag","embeddable":true,"href":"https:\/\/www.zupa-ubdm-biskupec.hr\/index.php?rest_route=%2Fwp%2Fv2%2Ftags&post=2777"}],"curies":[{"name":"wp","href":"https:\/\/api.w.org\/{rel}","templated":true}]}}