


{"id":2730,"date":"2021-01-21T17:03:40","date_gmt":"2021-01-21T16:03:40","guid":{"rendered":"https:\/\/www.zupa-ubdm-biskupec.hr\/?p=2730"},"modified":"2024-01-17T08:33:59","modified_gmt":"2024-01-17T07:33:59","slug":"godisnje-zupno-klanjanje","status":"publish","type":"post","link":"https:\/\/www.zupa-ubdm-biskupec.hr\/?p=2730","title":{"rendered":"GODI\u0160NJE \u017dUPNO KLANJANJE"},"content":{"rendered":"<p><a href=\"https:\/\/www.zupa-ubdm-biskupec.hr\/?attachment_id=1917\" rel=\"attachment wp-att-1917\"><img decoding=\"async\" src=\"https:\/\/www.zupa-ubdm-biskupec.hr\/wp-content\/uploads\/2016\/09\/ruke.jpg\" alt=\"\" width=\"200\" height=\"225\" class=\"aligncenter size-full wp-image-1917\" \/><\/a>U utorak, 26. sije\u010dnja, u na\u0161oj \u017eupi je godi\u0161nje \u017eupno klanjanje. Zbog situacije uzrokovane koronavirusom, klanjanje ne\u0107e biti kroz \u010ditavo poslijepodne, nego sat vremena prije ve\u010dernje svete Mise, od 17:00 do 18:00 sati.<\/p>\n","protected":false},"excerpt":{"rendered":"<p>U utorak, 26. sije\u010dnja, u na\u0161oj \u017eupi je godi\u0161nje \u017eupno klanjanje. Zbog situacije uzrokovane koronavirusom, klanjanje ne\u0107e biti kroz [&hellip;]<\/p>\n","protected":false},"author":1,"featured_media":0,"comment_status":"closed","ping_status":"closed","sticky":false,"template":"elementor_header_footer","format":"standard","meta":{"footnotes":""},"categories":[1],"tags":[],"class_list":["post-2730","post","type-post","status-publish","format-standard","hentry","category-novosti-iz-zupe"],"aioseo_notices":[],"_links":{"self":[{"href":"https:\/\/www.zupa-ubdm-biskupec.hr\/index.php?rest_route=\/wp\/v2\/posts\/2730","targetHints":{"allow":["GET"]}}],"collection":[{"href":"https:\/\/www.zupa-ubdm-biskupec.hr\/index.php?rest_route=\/wp\/v2\/posts"}],"about":[{"href":"https:\/\/www.zupa-ubdm-biskupec.hr\/index.php?rest_route=\/wp\/v2\/types\/post"}],"author":[{"embeddable":true,"href":"https:\/\/www.zupa-ubdm-biskupec.hr\/index.php?rest_route=\/wp\/v2\/users\/1"}],"replies":[{"embeddable":true,"href":"https:\/\/www.zupa-ubdm-biskupec.hr\/index.php?rest_route=%2Fwp%2Fv2%2Fcomments&post=2730"}],"version-history":[{"count":2,"href":"https:\/\/www.zupa-ubdm-biskupec.hr\/index.php?rest_route=\/wp\/v2\/posts\/2730\/revisions"}],"predecessor-version":[{"id":2732,"href":"https:\/\/www.zupa-ubdm-biskupec.hr\/index.php?rest_route=\/wp\/v2\/posts\/2730\/revisions\/2732"}],"wp:attachment":[{"href":"https:\/\/www.zupa-ubdm-biskupec.hr\/index.php?rest_route=%2Fwp%2Fv2%2Fmedia&parent=2730"}],"wp:term":[{"taxonomy":"category","embeddable":true,"href":"https:\/\/www.zupa-ubdm-biskupec.hr\/index.php?rest_route=%2Fwp%2Fv2%2Fcategories&post=2730"},{"taxonomy":"post_tag","embeddable":true,"href":"https:\/\/www.zupa-ubdm-biskupec.hr\/index.php?rest_route=%2Fwp%2Fv2%2Ftags&post=2730"}],"curies":[{"name":"wp","href":"https:\/\/api.w.org\/{rel}","templated":true}]}}