


{"id":2682,"date":"2020-06-08T06:26:32","date_gmt":"2020-06-08T04:26:32","guid":{"rendered":"https:\/\/www.zupa-ubdm-biskupec.hr\/?p=2682"},"modified":"2024-01-17T08:34:02","modified_gmt":"2024-01-17T07:34:02","slug":"zahvalna-misa-naseg-zupnika","status":"publish","type":"post","link":"https:\/\/www.zupa-ubdm-biskupec.hr\/?p=2682","title":{"rendered":"ZAHVALNA MISA NA\u0160EG \u017dUPNIKA"},"content":{"rendered":"<p>Na pro\u0161lotjednoj misi, 7. lipnja u 11 sati na\u0161 je \u017eupnik vl\u010d. Tomislav zahvalio Bogu na deset godina sve\u0107eni\u0161tva. Za sve\u0107enika je zare\u0111en 6. lipnja 2010. godine u vara\u017edinskoj katedrali po rukama biskupa Josipa Mrzljaka zajedno sa jo\u0161 desetoricom \u0111akona. Na zahvalnoj misi koncelebrirali su vl\u010d. Dragutin Bogadi i vl\u010d. Ivan Dodlek.<br \/>\n[foldergallery folder=&#8221;images\/10_god_vlc_dodlek&#8221; title=&#8221;Za pregled galerije, klikni za uve\u0107anje&#8221; columns=1 width=500 height=400 border=1 padding=2 margin=5 thumbnails=single]<\/p>\n","protected":false},"excerpt":{"rendered":"<p>Na pro\u0161lotjednoj misi, 7. lipnja u 11 sati na\u0161 je \u017eupnik vl\u010d. Tomislav zahvalio Bogu na deset godina sve\u0107eni\u0161tva. [&hellip;]<\/p>\n","protected":false},"author":1,"featured_media":0,"comment_status":"closed","ping_status":"closed","sticky":false,"template":"elementor_header_footer","format":"standard","meta":{"footnotes":""},"categories":[1],"tags":[],"class_list":["post-2682","post","type-post","status-publish","format-standard","hentry","category-novosti-iz-zupe"],"aioseo_notices":[],"_links":{"self":[{"href":"https:\/\/www.zupa-ubdm-biskupec.hr\/index.php?rest_route=\/wp\/v2\/posts\/2682","targetHints":{"allow":["GET"]}}],"collection":[{"href":"https:\/\/www.zupa-ubdm-biskupec.hr\/index.php?rest_route=\/wp\/v2\/posts"}],"about":[{"href":"https:\/\/www.zupa-ubdm-biskupec.hr\/index.php?rest_route=\/wp\/v2\/types\/post"}],"author":[{"embeddable":true,"href":"https:\/\/www.zupa-ubdm-biskupec.hr\/index.php?rest_route=\/wp\/v2\/users\/1"}],"replies":[{"embeddable":true,"href":"https:\/\/www.zupa-ubdm-biskupec.hr\/index.php?rest_route=%2Fwp%2Fv2%2Fcomments&post=2682"}],"version-history":[{"count":8,"href":"https:\/\/www.zupa-ubdm-biskupec.hr\/index.php?rest_route=\/wp\/v2\/posts\/2682\/revisions"}],"predecessor-version":[{"id":2690,"href":"https:\/\/www.zupa-ubdm-biskupec.hr\/index.php?rest_route=\/wp\/v2\/posts\/2682\/revisions\/2690"}],"wp:attachment":[{"href":"https:\/\/www.zupa-ubdm-biskupec.hr\/index.php?rest_route=%2Fwp%2Fv2%2Fmedia&parent=2682"}],"wp:term":[{"taxonomy":"category","embeddable":true,"href":"https:\/\/www.zupa-ubdm-biskupec.hr\/index.php?rest_route=%2Fwp%2Fv2%2Fcategories&post=2682"},{"taxonomy":"post_tag","embeddable":true,"href":"https:\/\/www.zupa-ubdm-biskupec.hr\/index.php?rest_route=%2Fwp%2Fv2%2Ftags&post=2682"}],"curies":[{"name":"wp","href":"https:\/\/api.w.org\/{rel}","templated":true}]}}