


{"id":2588,"date":"2019-04-01T12:40:19","date_gmt":"2019-04-01T10:40:19","guid":{"rendered":"https:\/\/www.zupa-ubdm-biskupec.hr\/?p=2588"},"modified":"2024-01-17T08:34:11","modified_gmt":"2024-01-17T07:34:11","slug":"nedjelja-caritasa-2","status":"publish","type":"post","link":"https:\/\/www.zupa-ubdm-biskupec.hr\/?p=2588","title":{"rendered":"NEDJELJA CARITASA"},"content":{"rendered":"<p><a href=\"https:\/\/www.zupa-ubdm-biskupec.hr\/?attachment_id=1958\" rel=\"attachment wp-att-1958\"><img decoding=\"async\" class=\"alignleft size-medium wp-image-1958\" src=\"https:\/\/www.zupa-ubdm-biskupec.hr\/wp-content\/uploads\/2016\/10\/zupni-caritas1-300x97.jpg\" alt=\"\" width=\"300\" height=\"97\" srcset=\"https:\/\/www.zupa-ubdm-biskupec.hr\/wp-content\/uploads\/2016\/10\/zupni-caritas1-300x97.jpg 300w, https:\/\/www.zupa-ubdm-biskupec.hr\/wp-content\/uploads\/2016\/10\/zupni-caritas1.jpg 600w\" sizes=\"(max-width: 300px) 100vw, 300px\" \/><\/a>Idu\u0107e nedjelje je nedjelja Caritasa, pa \u0107e polovica milostinje biti namijenjena potrebama Caritasa na\u0161e \u017eupe.<\/p>\n","protected":false},"excerpt":{"rendered":"<p>Idu\u0107e nedjelje je nedjelja Caritasa, pa \u0107e polovica milostinje biti namijenjena potrebama Caritasa na\u0161e \u017eupe.<\/p>\n","protected":false},"author":1,"featured_media":0,"comment_status":"closed","ping_status":"closed","sticky":false,"template":"elementor_header_footer","format":"standard","meta":{"footnotes":""},"categories":[1],"tags":[],"class_list":["post-2588","post","type-post","status-publish","format-standard","hentry","category-novosti-iz-zupe"],"aioseo_notices":[],"_links":{"self":[{"href":"https:\/\/www.zupa-ubdm-biskupec.hr\/index.php?rest_route=\/wp\/v2\/posts\/2588","targetHints":{"allow":["GET"]}}],"collection":[{"href":"https:\/\/www.zupa-ubdm-biskupec.hr\/index.php?rest_route=\/wp\/v2\/posts"}],"about":[{"href":"https:\/\/www.zupa-ubdm-biskupec.hr\/index.php?rest_route=\/wp\/v2\/types\/post"}],"author":[{"embeddable":true,"href":"https:\/\/www.zupa-ubdm-biskupec.hr\/index.php?rest_route=\/wp\/v2\/users\/1"}],"replies":[{"embeddable":true,"href":"https:\/\/www.zupa-ubdm-biskupec.hr\/index.php?rest_route=%2Fwp%2Fv2%2Fcomments&post=2588"}],"version-history":[{"count":2,"href":"https:\/\/www.zupa-ubdm-biskupec.hr\/index.php?rest_route=\/wp\/v2\/posts\/2588\/revisions"}],"predecessor-version":[{"id":2590,"href":"https:\/\/www.zupa-ubdm-biskupec.hr\/index.php?rest_route=\/wp\/v2\/posts\/2588\/revisions\/2590"}],"wp:attachment":[{"href":"https:\/\/www.zupa-ubdm-biskupec.hr\/index.php?rest_route=%2Fwp%2Fv2%2Fmedia&parent=2588"}],"wp:term":[{"taxonomy":"category","embeddable":true,"href":"https:\/\/www.zupa-ubdm-biskupec.hr\/index.php?rest_route=%2Fwp%2Fv2%2Fcategories&post=2588"},{"taxonomy":"post_tag","embeddable":true,"href":"https:\/\/www.zupa-ubdm-biskupec.hr\/index.php?rest_route=%2Fwp%2Fv2%2Ftags&post=2588"}],"curies":[{"name":"wp","href":"https:\/\/api.w.org\/{rel}","templated":true}]}}