


{"id":2474,"date":"2018-06-22T18:31:19","date_gmt":"2018-06-22T16:31:19","guid":{"rendered":"https:\/\/www.zupa-ubdm-biskupec.hr\/?p=2474"},"modified":"2024-01-17T08:34:18","modified_gmt":"2024-01-17T07:34:18","slug":"hodocasce-na-mariju-bistricu-2","status":"publish","type":"post","link":"https:\/\/www.zupa-ubdm-biskupec.hr\/?p=2474","title":{"rendered":"HODO\u010cA\u0160\u0106E NA MARIJU BISTRICU"},"content":{"rendered":"<p>Ove godine, zavjetno hodo\u010da\u0161\u0107e grada Vara\u017edina na Mariju Bistricu bit \u0107e u nedjelju<strong> 1. srpnja<\/strong>. <strong>Pje\u0161aci kre\u0107u 30. lipnja<\/strong> nakon sv. Mise, koja po\u010dinje <strong>u 2:30 sati<\/strong>. Kao i obi\u010dno, organizirati \u0107emo i <strong>autobus, koji kre\u0107e u 6:00 h<\/strong> ispred \u017eupne crkve. Molimo one koji idu autobusom da do\u0111u do crkve u 5:45 h. Autobus \u0107e prolaziti kroz Jalkovec i \u010crnec, te stajati na ve\u0107 uobi\u010dajenom stajali\u0161tima.<br \/>\n<a href=\"https:\/\/www.zupa-ubdm-biskupec.hr\/wp-content\/uploads\/2018\/06\/Marija_Bistrica_2018.jpg\" rel=\"attachment wp-att-2476\"><img fetchpriority=\"high\" decoding=\"async\" class=\"alignleft wp-image-2476 size-medium\" src=\"https:\/\/www.zupa-ubdm-biskupec.hr\/wp-content\/uploads\/2018\/06\/Marija_Bistrica_2018-212x300.jpg\" alt=\"\" width=\"212\" height=\"300\" srcset=\"https:\/\/www.zupa-ubdm-biskupec.hr\/wp-content\/uploads\/2018\/06\/Marija_Bistrica_2018-212x300.jpg 212w, https:\/\/www.zupa-ubdm-biskupec.hr\/wp-content\/uploads\/2018\/06\/Marija_Bistrica_2018.jpg 424w\" sizes=\"(max-width: 212px) 100vw, 212px\" \/><\/a><\/p>\n<p>&nbsp;<\/p>\n<p>&nbsp;<\/p>\n<p>&nbsp;<\/p>\n<p>&nbsp;<\/p>\n<p>&nbsp;<\/p>\n<p>&nbsp;<\/p>\n<p>&nbsp;<\/p>\n<p>&nbsp;<\/p>\n<p>&nbsp;<\/p>\n<p>&nbsp;<\/p>\n<p>&nbsp;<\/p>\n<p>&nbsp;<\/p>\n<p>&nbsp;<\/p>\n<p>&nbsp;<\/p>\n<p>&nbsp;<\/p>\n<p>&nbsp;<\/p>\n<p>Sv. Misa zahvalnica za hodo\u010dasnike, bit \u0107e u ponedjeljak, 2. srpnja u 19:00 h. Prije Sv. Mise bit \u0107e procesija od kapele Sv. Ane s po\u010detkom u 18:00 sati, a nakon Sv. Mise zajedni\u010dko dru\u017eenje za hodo\u010dasnike.<\/p>\n","protected":false},"excerpt":{"rendered":"<p>Ove godine, zavjetno hodo\u010da\u0161\u0107e grada Vara\u017edina na Mariju Bistricu bit \u0107e u nedjelju 1. srpnja. Pje\u0161aci kre\u0107u 30. lipnja [&hellip;]<\/p>\n","protected":false},"author":1,"featured_media":0,"comment_status":"closed","ping_status":"closed","sticky":false,"template":"elementor_header_footer","format":"standard","meta":{"footnotes":""},"categories":[8,1],"tags":[],"class_list":["post-2474","post","type-post","status-publish","format-standard","hentry","category-novosti-iz-biskupije","category-novosti-iz-zupe"],"aioseo_notices":[],"_links":{"self":[{"href":"https:\/\/www.zupa-ubdm-biskupec.hr\/index.php?rest_route=\/wp\/v2\/posts\/2474","targetHints":{"allow":["GET"]}}],"collection":[{"href":"https:\/\/www.zupa-ubdm-biskupec.hr\/index.php?rest_route=\/wp\/v2\/posts"}],"about":[{"href":"https:\/\/www.zupa-ubdm-biskupec.hr\/index.php?rest_route=\/wp\/v2\/types\/post"}],"author":[{"embeddable":true,"href":"https:\/\/www.zupa-ubdm-biskupec.hr\/index.php?rest_route=\/wp\/v2\/users\/1"}],"replies":[{"embeddable":true,"href":"https:\/\/www.zupa-ubdm-biskupec.hr\/index.php?rest_route=%2Fwp%2Fv2%2Fcomments&post=2474"}],"version-history":[{"count":13,"href":"https:\/\/www.zupa-ubdm-biskupec.hr\/index.php?rest_route=\/wp\/v2\/posts\/2474\/revisions"}],"predecessor-version":[{"id":2491,"href":"https:\/\/www.zupa-ubdm-biskupec.hr\/index.php?rest_route=\/wp\/v2\/posts\/2474\/revisions\/2491"}],"wp:attachment":[{"href":"https:\/\/www.zupa-ubdm-biskupec.hr\/index.php?rest_route=%2Fwp%2Fv2%2Fmedia&parent=2474"}],"wp:term":[{"taxonomy":"category","embeddable":true,"href":"https:\/\/www.zupa-ubdm-biskupec.hr\/index.php?rest_route=%2Fwp%2Fv2%2Fcategories&post=2474"},{"taxonomy":"post_tag","embeddable":true,"href":"https:\/\/www.zupa-ubdm-biskupec.hr\/index.php?rest_route=%2Fwp%2Fv2%2Ftags&post=2474"}],"curies":[{"name":"wp","href":"https:\/\/api.w.org\/{rel}","templated":true}]}}