


{"id":2442,"date":"2018-05-07T08:46:19","date_gmt":"2018-05-07T06:46:19","guid":{"rendered":"http:\/\/www.zupa-ubdm-biskupec.hr\/?p=2442"},"modified":"2024-01-17T08:34:18","modified_gmt":"2024-01-17T07:34:18","slug":"duhovi-2018","status":"publish","type":"post","link":"https:\/\/www.zupa-ubdm-biskupec.hr\/?p=2442","title":{"rendered":"DUHOVI 2018."},"content":{"rendered":"<div><a href=\"http:\/\/mladi.biskupija-varazdinska.hr\/aktivnosti\/bdijenja-molitve\/duhovi-varazdin-2018\/9487\"><img decoding=\"async\" class=\"alignleft\" src=\"https:\/\/www.zupa-ubdm-biskupec.hr\/wp-content\/uploads\/2018\/05\/duhovi_2018_mala-300x212.png\" alt=\"\" width=\"253\" height=\"179\" \/><\/a>VARA\u017dDIN, 11.-19.5.2018. S rado\u0161\u0107u vas i ove godine pozivamo na sadr\u017eajima bogatu Duhovsku osminu uo\u010di same svetkovine Duhova i Duhovsko bdijenje koje organizira i koordinira Ured za pastoral mladih Vara\u017edinske biskupije. Pogledajte \u0161to smo vam pripremili!<\/div>\n<p><!--more--><\/p>\n<hr \/>\n<div>\n<p><strong><em>Duhovska osmina\u00a0<\/em><\/strong>uo\u010di same svetkovine Duhova\u00a0odr\u017eavati \u0107e se od 11. do 19. svibnja 2018.godine, dok \u0107e se samo\u00a0<strong><em>Duhovsko bdijenje mladih<\/em><\/strong>\u00a0odr\u017eati 19. svibnja 2018. u Vara\u017edinu. Ove \u0107e godine koncept susreta, kao i pro\u0161le godine, biti malo druk\u010diji. Podsje\u0107amo, prethodnih smo godina \u201eiza\u0161li\u201c iz prostora vara\u017edinske katedrale i tako, hodaju\u0107i ulicama triju glavnih biskupijskih gradova, posvjedo\u010dili novost koja se dogodila silaskom Duha svetoga nad apostole na dan Pedesetnice. Ove godine \u0107e gradske \u017eupe i samostani grada Vara\u017edin otvoriti vrata svih \u017eupnih i samostanskih crkvi kako bi\u00a0<strong>svi vjernici<\/strong>\u00a0\u2013 ne samo mladi (koji organiziraju i koordiniraju\u00a0<em>susret<\/em>) \u2013 mogli, prema vlastitom afinitetu, sudjelovati u programu predvi\u0111enom za svaku pojedinu crkvu. Plan i mjesto kao i satnicu doga\u0111aja, donosim dolje ni\u017ee. Osim plana samog Duhovskog bdijenja 19. srpnja 2017., \u00a0donosimo\u00a0vam tako\u0111er i plan \u010ditave duhovske osmine.<\/p>\n<p><strong><u>Duhovska osmina<\/u><\/strong><\/p>\n<\/div>\n<div>\n<ul>\n<li><strong>11. svibanj, petak;<\/strong> <strong>Franjeva\u010dki Trg<\/strong> u <strong>19:30 sati:<\/strong>\n<ul>\n<li><strong>Koncert duhovne glazbe (<em>Antonio Tkalec, \u010cedo i Matija Antoli\u0107, vl\u010d. Tihomir Kosec, The Scifidelity Orchestra, Bogoslovski Ben(d) Sirah<\/em>)\u00a0<\/strong><\/li>\n<\/ul>\n<\/li>\n<li><strong>15. svibanj, utorak; katedrala u 19:00 sati <\/strong>\n<ul>\n<li><strong>sveta misa i duhovna obnova<\/strong> \u2013 svjedo\u010danstvo <strong><em>vl\u010d. Ivana Grbe\u0161i\u0107a <\/em><\/strong>i branitelja domovinskog rata <strong><em>Vilima Karlovi\u0107a<\/em><\/strong>: Obra\u0107enje i opro\u0161tenje<\/li>\n<\/ul>\n<\/li>\n<li><strong>16. svibanj, srijeda; Franjeva\u010dki Trg 1 (zgrada Varteksa)<\/strong>\n<ul>\n<li><strong>\u0161tand: prezentacija i prodaja majica s logom \u201eNe PSU<em>j<\/em> \u2013 \u010cOVJEKU<em>j<\/em>\u201c<\/strong><\/li>\n<\/ul>\n<\/li>\n<li><strong>17. svibanj, \u010detvrtak; crkva sv. Nikole u 19:30 sati <\/strong>\n<ul>\n<li><strong>Tribina sa okruglim stolom: Znanost i vjera <\/strong>(gosti predava\u010di: geneti\u010dar <strong><em>dr.sc. Petar Mitrikevski<\/em><\/strong>, filozof <em><strong>dr.sc. Stipe Kutle\u0161a<\/strong><\/em>, fizi\u010dar <em><strong>prof. dr.sc. Marijan \u0160unji\u0107<\/strong><\/em>, lije\u010dnik\/bioeti\u010dar<em><strong> dr.sc. Mirjana Radan<\/strong><\/em>, teolog <em><strong>dr.sc. Branko Muri\u0107<\/strong><\/em>)<\/li>\n<\/ul>\n<\/li>\n<li><strong>18. svibanj, petak: katedrala u 20:00 sati<\/strong>\n<ul>\n<li><strong>cjelove\u010dernje klanjanje <\/strong><\/li>\n<\/ul>\n<\/li>\n<\/ul>\n<div>\n<p><strong><u>Duhovsko bdijenje<\/u><\/strong>Drugi dio Duhovske osmine samo je\u00a0<strong>Duhovsko bdijenje 19. svibnja u Vara\u017edinu.\u00a0<\/strong>Program bdijenja zapo\u010dinje\u00a0<strong>okupljanjem u\u00a0<u>crkvi sv. Nikole biskupa<\/u>\u00a0u\u00a0<u>20 sati<\/u>.\u00a0<\/strong>Bdijenje je ove godine koncipirano kao\u00a0<strong>dan otvorenih vrata crkava grada Vara\u017edina<\/strong>\u00a0i zami\u0161ljeno da svaki sudionik sam kreira svoje vrijeme (od 20:20 \u2013 22:15 sati, tj.<strong>vrijeme boravka u pojedinoj crkvi je proizvoljno)<\/strong>\u00a0do\u00a0<strong>zajedni\u010dke sv. mise<\/strong>\u00a0<strong>u katedrali<\/strong>\u00a0u\u00a0<strong>22:30<\/strong>\u00a0sati prema ponu\u0111enom programu.\u00a0<strong>Svi programi zapo\u010dinju u 20:20 sati<\/strong>, osim\u00a0<strong>navedenih izuzetaka:<\/strong><\/p>\n<\/div>\n<\/div>\n<ul>\n<li>susret osoba s invaliditetom: <strong>katedrala u 10:00 sati<\/strong> (voditelj <em><strong>vl\u010d. Leonard \u0160ardi<\/strong><\/em>)\n<ul>\n<li>10:00 &#8211; prigodni program<\/li>\n<li>10:30 &#8211; obilazak grada, kava<\/li>\n<li>12:00 &#8211; sv. misa (katedrala)<\/li>\n<li>13:00 &#8211; ru\u010dak u Caritasovom domu<\/li>\n<\/ul>\n<\/li>\n<li>Dobri Pastir \u2013 susret obitelji i bra\u010dnih parova: <em>Jezik obitelji \u2013 jezik ljubavi<\/em> \u2013 <strong>17:00 sati <\/strong>(voditelj <em><strong>fra Zdravko Tuba<\/strong><\/em>)<\/li>\n<li>Sv. Nikola \u2013 molitva ru\u017earija (<em>Pro)Hodaj s Marijom, do\u0111i k Isusu!<\/em><\/li>\n<li>Ur\u0161ulinke \u2013 \u010ditanje Bo\u017eje rije\u010di: <em>Rije\u010dim da te izlije\u010dim<\/em><\/li>\n<li>Sv. Trojstvo (kapucini) \u2013 klanjanje pred Presvetim Oltarskim Sakramentom: <em>U sabranosti \u2013 pred Isusom<\/em><\/li>\n<li>Franjevci \u2013 svjedo\u010denje: <em>\u010cudesa? Doga\u0111aju se!<\/em><\/li>\n<li>Vara\u017edinska katedrala: sveta misa <strong>u 22:30 sati<\/strong><\/li>\n<\/ul>\n<div>\n<p>Brzo, brzo, zabilje\u017eite ove datume u svoje vremenike i kalendari\u0107e! Animirajte svoje prijatelje, obitelji i poznanike, \u017eupljane &#8211; potaknite svoje \u017eupnike i vjerou\u010ditelje, okupimo se oko Krista te jo\u0161 jednom pru\u017eimo svjedo\u010danstvo svijetle budu\u0107nosti na\u0161e mjesne crkve! Budu\u0107nost je upravo u vama mladima! Budimo i ove godine &#8220;sol&#8221; ove na\u0161e domovine Hrvatske! Do\u010dekajmo zajedno svetkovinu Duhova! S velikom vas rado\u0161\u0107u i\u0161\u010dekujemo! \ud83d\ude42<\/p>\n<p>Prigodni plakat za<strong> &#8220;Duhovi &#8211; Vara\u017edin 2018.&#8221;<\/strong> mo\u017eete preuzeti\u00a0<strong><a href=\"http:\/\/mladi.biskupija-varazdinska.hr\/UserDocsImages\/Duhovska osmina 2018\/duhovi_2018_a3.pdf\" data-fileid=\"18501\">ovdje<\/a><\/strong>, za <strong>koncert duhovne glazbe<\/strong> <strong><a href=\"http:\/\/mladi.biskupija-varazdinska.hr\/UserDocsImages\/Duhovska osmina 2018\/KONCERTplakat_mala.jpg\" data-fileid=\"18502\">ovdje<\/a><\/strong>, a za <strong>znanstvenu tribinu<\/strong> <strong><a href=\"http:\/\/mladi.biskupija-varazdinska.hr\/UserDocsImages\/Duhovska osmina 2018\/Plakat_mala.jpg\" data-fileid=\"18503\">ovdje<\/a><\/strong>.<\/p>\n<\/div>\n<div class=\"clear\"><\/div>\n<hr \/>\n","protected":false},"excerpt":{"rendered":"<p>VARA\u017dDIN, 11.-19.5.2018. S rado\u0161\u0107u vas i ove godine pozivamo na sadr\u017eajima bogatu Duhovsku osminu uo\u010di same svetkovine Duhova i [&hellip;]<\/p>\n","protected":false},"author":1,"featured_media":0,"comment_status":"closed","ping_status":"closed","sticky":false,"template":"elementor_header_footer","format":"standard","meta":{"footnotes":""},"categories":[8,1],"tags":[],"class_list":["post-2442","post","type-post","status-publish","format-standard","hentry","category-novosti-iz-biskupije","category-novosti-iz-zupe"],"aioseo_notices":[],"_links":{"self":[{"href":"https:\/\/www.zupa-ubdm-biskupec.hr\/index.php?rest_route=\/wp\/v2\/posts\/2442","targetHints":{"allow":["GET"]}}],"collection":[{"href":"https:\/\/www.zupa-ubdm-biskupec.hr\/index.php?rest_route=\/wp\/v2\/posts"}],"about":[{"href":"https:\/\/www.zupa-ubdm-biskupec.hr\/index.php?rest_route=\/wp\/v2\/types\/post"}],"author":[{"embeddable":true,"href":"https:\/\/www.zupa-ubdm-biskupec.hr\/index.php?rest_route=\/wp\/v2\/users\/1"}],"replies":[{"embeddable":true,"href":"https:\/\/www.zupa-ubdm-biskupec.hr\/index.php?rest_route=%2Fwp%2Fv2%2Fcomments&post=2442"}],"version-history":[{"count":6,"href":"https:\/\/www.zupa-ubdm-biskupec.hr\/index.php?rest_route=\/wp\/v2\/posts\/2442\/revisions"}],"predecessor-version":[{"id":2454,"href":"https:\/\/www.zupa-ubdm-biskupec.hr\/index.php?rest_route=\/wp\/v2\/posts\/2442\/revisions\/2454"}],"wp:attachment":[{"href":"https:\/\/www.zupa-ubdm-biskupec.hr\/index.php?rest_route=%2Fwp%2Fv2%2Fmedia&parent=2442"}],"wp:term":[{"taxonomy":"category","embeddable":true,"href":"https:\/\/www.zupa-ubdm-biskupec.hr\/index.php?rest_route=%2Fwp%2Fv2%2Fcategories&post=2442"},{"taxonomy":"post_tag","embeddable":true,"href":"https:\/\/www.zupa-ubdm-biskupec.hr\/index.php?rest_route=%2Fwp%2Fv2%2Ftags&post=2442"}],"curies":[{"name":"wp","href":"https:\/\/api.w.org\/{rel}","templated":true}]}}