


{"id":2246,"date":"2017-08-11T13:05:39","date_gmt":"2017-08-11T11:05:39","guid":{"rendered":"http:\/\/www.zupa-ubdm-biskupec.hr\/?p=2246"},"modified":"2024-01-17T08:34:35","modified_gmt":"2024-01-17T07:34:35","slug":"obavijest-o-smrti","status":"publish","type":"post","link":"https:\/\/www.zupa-ubdm-biskupec.hr\/?p=2246","title":{"rendered":"OBAVIJEST O SMRTI"},"content":{"rendered":"<p>U dubokoj boli javljamo svim \u017eupljanima da je otac na\u0161eg \u017eupnika vl\u010d. Tomislava iznenada preminuo u 62. godini \u017eivota u \u010detvrtak 10. kolovoza 2017. Sprovodni obredi dragog nam pokojnika bit \u0107e u subotu 12. kolovoza 2017. u 14 sati na gradskom groblju Ludbreg. Sprovodna sveta Misa biti \u0107e u crkvi nakon obreda.<a href=\"https:\/\/www.zupa-ubdm-biskupec.hr\/?attachment_id=2247\" rel=\"attachment wp-att-2247\"><img fetchpriority=\"high\" decoding=\"async\" class=\"alignleft size-full wp-image-2247\" src=\"https:\/\/www.zupa-ubdm-biskupec.hr\/wp-content\/uploads\/2017\/08\/osmrtnica_bozidar_dodlek.jpg\" alt=\"osmrtnica_bozidar_dodlek\" width=\"1800\" height=\"1291\" srcset=\"https:\/\/www.zupa-ubdm-biskupec.hr\/wp-content\/uploads\/2017\/08\/osmrtnica_bozidar_dodlek.jpg 1800w, https:\/\/www.zupa-ubdm-biskupec.hr\/wp-content\/uploads\/2017\/08\/osmrtnica_bozidar_dodlek-300x215.jpg 300w, https:\/\/www.zupa-ubdm-biskupec.hr\/wp-content\/uploads\/2017\/08\/osmrtnica_bozidar_dodlek-1024x734.jpg 1024w\" sizes=\"(max-width: 1800px) 100vw, 1800px\" \/><\/a><\/p>\n","protected":false},"excerpt":{"rendered":"<p>U dubokoj boli javljamo svim \u017eupljanima da je otac na\u0161eg \u017eupnika vl\u010d. Tomislava iznenada preminuo u 62. godini \u017eivota [&hellip;]<\/p>\n","protected":false},"author":1,"featured_media":0,"comment_status":"closed","ping_status":"closed","sticky":false,"template":"elementor_header_footer","format":"standard","meta":{"footnotes":""},"categories":[1],"tags":[],"class_list":["post-2246","post","type-post","status-publish","format-standard","hentry","category-novosti-iz-zupe"],"aioseo_notices":[],"_links":{"self":[{"href":"https:\/\/www.zupa-ubdm-biskupec.hr\/index.php?rest_route=\/wp\/v2\/posts\/2246","targetHints":{"allow":["GET"]}}],"collection":[{"href":"https:\/\/www.zupa-ubdm-biskupec.hr\/index.php?rest_route=\/wp\/v2\/posts"}],"about":[{"href":"https:\/\/www.zupa-ubdm-biskupec.hr\/index.php?rest_route=\/wp\/v2\/types\/post"}],"author":[{"embeddable":true,"href":"https:\/\/www.zupa-ubdm-biskupec.hr\/index.php?rest_route=\/wp\/v2\/users\/1"}],"replies":[{"embeddable":true,"href":"https:\/\/www.zupa-ubdm-biskupec.hr\/index.php?rest_route=%2Fwp%2Fv2%2Fcomments&post=2246"}],"version-history":[{"count":2,"href":"https:\/\/www.zupa-ubdm-biskupec.hr\/index.php?rest_route=\/wp\/v2\/posts\/2246\/revisions"}],"predecessor-version":[{"id":2249,"href":"https:\/\/www.zupa-ubdm-biskupec.hr\/index.php?rest_route=\/wp\/v2\/posts\/2246\/revisions\/2249"}],"wp:attachment":[{"href":"https:\/\/www.zupa-ubdm-biskupec.hr\/index.php?rest_route=%2Fwp%2Fv2%2Fmedia&parent=2246"}],"wp:term":[{"taxonomy":"category","embeddable":true,"href":"https:\/\/www.zupa-ubdm-biskupec.hr\/index.php?rest_route=%2Fwp%2Fv2%2Fcategories&post=2246"},{"taxonomy":"post_tag","embeddable":true,"href":"https:\/\/www.zupa-ubdm-biskupec.hr\/index.php?rest_route=%2Fwp%2Fv2%2Ftags&post=2246"}],"curies":[{"name":"wp","href":"https:\/\/api.w.org\/{rel}","templated":true}]}}