


{"id":2133,"date":"2017-02-04T08:17:43","date_gmt":"2017-02-04T07:17:43","guid":{"rendered":"http:\/\/www.zupa-ubdm-biskupec.hr\/?p=2133"},"modified":"2024-01-03T09:25:13","modified_gmt":"2024-01-03T08:25:13","slug":"sastanak-zpv-6","status":"publish","type":"post","link":"https:\/\/www.zupa-ubdm-biskupec.hr\/?p=2133","title":{"rendered":"SASTANAK \u017dPV"},"content":{"rendered":"<p><a href=\"https:\/\/www.zupa-ubdm-biskupec.hr\/wp-content\/uploads\/2016\/07\/vijece1.jpg\"><img fetchpriority=\"high\" decoding=\"async\" class=\"size-full wp-image-1888 alignleft\" src=\"https:\/\/www.zupa-ubdm-biskupec.hr\/wp-content\/uploads\/2016\/07\/vijece1.jpg\" alt=\"vijece\" width=\"300\" height=\"185\" \/><\/a>U utorak <strong>7. velja\u010de u 20:00<\/strong> sati bit \u0107e sastanak \u017dupnog pastoralnog vije\u0107a. Molim \u010dlanove da se odazovu<\/p>\n","protected":false},"excerpt":{"rendered":"<p>U utorak 7. velja\u010de u 20:00 sati bit \u0107e sastanak \u017dupnog pastoralnog vije\u0107a. Molim \u010dlanove da se odazovu<\/p>\n","protected":false},"author":1,"featured_media":0,"comment_status":"closed","ping_status":"closed","sticky":false,"template":"elementor_header_footer","format":"standard","meta":{"footnotes":""},"categories":[1],"tags":[],"class_list":["post-2133","post","type-post","status-publish","format-standard","hentry","category-novosti-iz-zupe"],"aioseo_notices":[],"_links":{"self":[{"href":"https:\/\/www.zupa-ubdm-biskupec.hr\/index.php?rest_route=\/wp\/v2\/posts\/2133","targetHints":{"allow":["GET"]}}],"collection":[{"href":"https:\/\/www.zupa-ubdm-biskupec.hr\/index.php?rest_route=\/wp\/v2\/posts"}],"about":[{"href":"https:\/\/www.zupa-ubdm-biskupec.hr\/index.php?rest_route=\/wp\/v2\/types\/post"}],"author":[{"embeddable":true,"href":"https:\/\/www.zupa-ubdm-biskupec.hr\/index.php?rest_route=\/wp\/v2\/users\/1"}],"replies":[{"embeddable":true,"href":"https:\/\/www.zupa-ubdm-biskupec.hr\/index.php?rest_route=%2Fwp%2Fv2%2Fcomments&post=2133"}],"version-history":[{"count":1,"href":"https:\/\/www.zupa-ubdm-biskupec.hr\/index.php?rest_route=\/wp\/v2\/posts\/2133\/revisions"}],"predecessor-version":[{"id":2134,"href":"https:\/\/www.zupa-ubdm-biskupec.hr\/index.php?rest_route=\/wp\/v2\/posts\/2133\/revisions\/2134"}],"wp:attachment":[{"href":"https:\/\/www.zupa-ubdm-biskupec.hr\/index.php?rest_route=%2Fwp%2Fv2%2Fmedia&parent=2133"}],"wp:term":[{"taxonomy":"category","embeddable":true,"href":"https:\/\/www.zupa-ubdm-biskupec.hr\/index.php?rest_route=%2Fwp%2Fv2%2Fcategories&post=2133"},{"taxonomy":"post_tag","embeddable":true,"href":"https:\/\/www.zupa-ubdm-biskupec.hr\/index.php?rest_route=%2Fwp%2Fv2%2Ftags&post=2133"}],"curies":[{"name":"wp","href":"https:\/\/api.w.org\/{rel}","templated":true}]}}