


{"id":210,"date":"2012-06-22T00:00:00","date_gmt":"2012-06-21T22:00:00","guid":{"rendered":"http:\/\/www.zupa-biskupec.com\/w_p\/?p=210"},"modified":"2014-03-12T11:48:27","modified_gmt":"2014-03-12T10:48:27","slug":"marija-bistrica-2","status":"publish","type":"post","link":"https:\/\/www.zupa-ubdm-biskupec.hr\/?p=210","title":{"rendered":"MARIJA BISTRICA"},"content":{"rendered":"<p><img decoding=\"async\" class=\"caption\" src=\"images\/marijabistrica.jpg\" border=\"0\" \/><\/p>\n<p>Ove godine, zavjetno hodo\u0161a\u0161\u0107e grada Vara\u017edina na <strong>Mariju Bistricu<\/strong>, bit \u0107e u nedjelju <strong>1. srpnja. Pje\u0161aci kre\u0107u 30. lipnja nakon sv. Mise, koja po\u010dinje u 2:30 h.<\/strong> Kao i obi\u010dno, organizirati \u0107emo i <strong>autobus, koji kre\u0107e u 5:30 h<\/strong> ispred \u017eupne crkve. Molimo one koji idu autobusom da do\u0111u do crkve u 5:15 h. Autobus \u0107e prolaziti kroz Jalkovec i \u010crnec, te stajati na ve\u0107 uobi\u010dajenom stajali\u0161tima.<\/p>\n<p>Kao i svake godine, <strong>Sv. Misa zahvalnica <\/strong>za hodo\u010dasnike, biti \u0107e u <strong>ponedjeljak, 2. srpnja u 19:00 h.<\/strong> Prije Sv. Mise biti \u0107e procesija od kapele Sv. Ane, a nakon Sv. Mise, zajedni\u010dko dru\u017eenje u Vatrogasnom domu u Bi\u0161kupcu.<\/p>\n","protected":false},"excerpt":{"rendered":"<p>Ove godine, zavjetno hodo\u0161a\u0161\u0107e grada Vara\u017edina na Mariju Bistricu, bit \u0107e u nedjelju 1. srpnja. Pje\u0161aci kre\u0107u 30. lipnja [&hellip;]<\/p>\n","protected":false},"author":1,"featured_media":0,"comment_status":"closed","ping_status":"closed","sticky":false,"template":"","format":"standard","meta":{"footnotes":""},"categories":[1],"tags":[],"class_list":["post-210","post","type-post","status-publish","format-standard","hentry","category-novosti-iz-zupe"],"aioseo_notices":[],"_links":{"self":[{"href":"https:\/\/www.zupa-ubdm-biskupec.hr\/index.php?rest_route=\/wp\/v2\/posts\/210","targetHints":{"allow":["GET"]}}],"collection":[{"href":"https:\/\/www.zupa-ubdm-biskupec.hr\/index.php?rest_route=\/wp\/v2\/posts"}],"about":[{"href":"https:\/\/www.zupa-ubdm-biskupec.hr\/index.php?rest_route=\/wp\/v2\/types\/post"}],"author":[{"embeddable":true,"href":"https:\/\/www.zupa-ubdm-biskupec.hr\/index.php?rest_route=\/wp\/v2\/users\/1"}],"replies":[{"embeddable":true,"href":"https:\/\/www.zupa-ubdm-biskupec.hr\/index.php?rest_route=%2Fwp%2Fv2%2Fcomments&post=210"}],"version-history":[{"count":1,"href":"https:\/\/www.zupa-ubdm-biskupec.hr\/index.php?rest_route=\/wp\/v2\/posts\/210\/revisions"}],"predecessor-version":[{"id":531,"href":"https:\/\/www.zupa-ubdm-biskupec.hr\/index.php?rest_route=\/wp\/v2\/posts\/210\/revisions\/531"}],"wp:attachment":[{"href":"https:\/\/www.zupa-ubdm-biskupec.hr\/index.php?rest_route=%2Fwp%2Fv2%2Fmedia&parent=210"}],"wp:term":[{"taxonomy":"category","embeddable":true,"href":"https:\/\/www.zupa-ubdm-biskupec.hr\/index.php?rest_route=%2Fwp%2Fv2%2Fcategories&post=210"},{"taxonomy":"post_tag","embeddable":true,"href":"https:\/\/www.zupa-ubdm-biskupec.hr\/index.php?rest_route=%2Fwp%2Fv2%2Ftags&post=210"}],"curies":[{"name":"wp","href":"https:\/\/api.w.org\/{rel}","templated":true}]}}