


{"id":20641,"date":"2026-04-19T07:50:02","date_gmt":"2026-04-19T05:50:02","guid":{"rendered":"https:\/\/www.zupa-ubdm-biskupec.hr\/?p=20641"},"modified":"2026-04-19T07:54:46","modified_gmt":"2026-04-19T05:54:46","slug":"prva-pricest-3","status":"publish","type":"post","link":"https:\/\/www.zupa-ubdm-biskupec.hr\/?p=20641","title":{"rendered":"PRVA PRI\u010cEST"},"content":{"rendered":"\t\t<div data-elementor-type=\"wp-post\" data-elementor-id=\"20641\" class=\"elementor elementor-20641\">\n\t\t\t\t\t\t<section class=\"elementor-section elementor-top-section elementor-element elementor-element-5fe41fd7 elementor-section-full_width elementor-section-height-default elementor-section-height-default\" data-id=\"5fe41fd7\" data-element_type=\"section\" data-e-type=\"section\">\n\t\t\t\t\t\t<div class=\"elementor-container elementor-column-gap-no\">\n\t\t\t\t\t<div class=\"elementor-column elementor-col-100 elementor-top-column elementor-element elementor-element-3f7eb129\" data-id=\"3f7eb129\" data-element_type=\"column\" data-e-type=\"column\">\n\t\t\t<div class=\"elementor-widget-wrap elementor-element-populated\">\n\t\t\t\t\t\t<div class=\"elementor-element elementor-element-257560db elementor-widget-divider--view-line elementor-widget elementor-widget-divider\" data-id=\"257560db\" data-element_type=\"widget\" data-e-type=\"widget\" data-widget_type=\"divider.default\">\n\t\t\t\t<div class=\"elementor-widget-container\">\n\t\t\t\t\t\t\t<div class=\"elementor-divider\">\n\t\t\t<span class=\"elementor-divider-separator\">\n\t\t\t\t\t\t<\/span>\n\t\t<\/div>\n\t\t\t\t\t\t<\/div>\n\t\t\t\t<\/div>\n\t\t\t\t\t<\/div>\n\t\t<\/div>\n\t\t\t\t\t<\/div>\n\t\t<\/section>\n\t\t\t\t<section class=\"elementor-section elementor-top-section elementor-element elementor-element-57cf2cf9 elementor-section-content-middle elementor-section-boxed elementor-section-height-default elementor-section-height-default\" data-id=\"57cf2cf9\" data-element_type=\"section\" data-e-type=\"section\" data-settings=\"{&quot;background_background&quot;:&quot;classic&quot;}\">\n\t\t\t\t\t\t\t<div class=\"elementor-background-overlay\"><\/div>\n\t\t\t\t\t\t\t<div class=\"elementor-container elementor-column-gap-no\">\n\t\t\t\t\t<div class=\"elementor-column elementor-col-100 elementor-top-column elementor-element elementor-element-742c24f6\" data-id=\"742c24f6\" data-element_type=\"column\" data-e-type=\"column\">\n\t\t\t<div class=\"elementor-widget-wrap elementor-element-populated\">\n\t\t\t\t\t\t<div class=\"elementor-element elementor-element-6ec8ef13 elementor-widget elementor-widget-heading\" data-id=\"6ec8ef13\" data-element_type=\"widget\" data-e-type=\"widget\" data-widget_type=\"heading.default\">\n\t\t\t\t<div class=\"elementor-widget-container\">\n\t\t\t\t\t<h2 class=\"elementor-heading-title elementor-size-default\">::: VIJESTI :::<\/h2>\t\t\t\t<\/div>\n\t\t\t\t<\/div>\n\t\t\t\t\t<\/div>\n\t\t<\/div>\n\t\t\t\t\t<\/div>\n\t\t<\/section>\n\t\t\t\t<section class=\"elementor-section elementor-top-section elementor-element elementor-element-124b2281 elementor-section-content-middle elementor-section-full_width elementor-section-height-min-height elementor-section-height-default elementor-section-items-middle\" data-id=\"124b2281\" data-element_type=\"section\" data-e-type=\"section\">\n\t\t\t\t\t\t<div class=\"elementor-container elementor-column-gap-no\">\n\t\t\t\t\t<div class=\"elementor-column elementor-col-100 elementor-top-column elementor-element elementor-element-60e18712\" data-id=\"60e18712\" data-element_type=\"column\" data-e-type=\"column\">\n\t\t\t<div class=\"elementor-widget-wrap elementor-element-populated\">\n\t\t\t\t\t\t<div class=\"elementor-element elementor-element-5797d139 elementor-widget-divider--view-line elementor-widget elementor-widget-divider\" data-id=\"5797d139\" data-element_type=\"widget\" data-e-type=\"widget\" data-widget_type=\"divider.default\">\n\t\t\t\t<div class=\"elementor-widget-container\">\n\t\t\t\t\t\t\t<div class=\"elementor-divider\">\n\t\t\t<span class=\"elementor-divider-separator\">\n\t\t\t\t\t\t<\/span>\n\t\t<\/div>\n\t\t\t\t\t\t<\/div>\n\t\t\t\t<\/div>\n\t\t\t\t\t<\/div>\n\t\t<\/div>\n\t\t\t\t\t<\/div>\n\t\t<\/section>\n\t\t\t\t<section class=\"elementor-section elementor-top-section elementor-element elementor-element-27a9185 elementor-section-boxed elementor-section-height-default elementor-section-height-default\" data-id=\"27a9185\" data-element_type=\"section\" data-e-type=\"section\">\n\t\t\t\t\t\t<div class=\"elementor-container elementor-column-gap-default\">\n\t\t\t\t\t<div class=\"elementor-column elementor-col-100 elementor-top-column elementor-element elementor-element-9f3e3e3\" data-id=\"9f3e3e3\" data-element_type=\"column\" data-e-type=\"column\">\n\t\t\t<div class=\"elementor-widget-wrap elementor-element-populated\">\n\t\t\t\t\t\t<div class=\"elementor-element elementor-element-4106edd elementor-widget__width-initial elementor-widget elementor-widget-text-editor\" data-id=\"4106edd\" data-element_type=\"widget\" data-e-type=\"widget\" data-widget_type=\"text-editor.default\">\n\t\t\t\t<div class=\"elementor-widget-container\">\n\t\t\t\t\t\t\t\t\t<ul><li style=\"text-align: left;\"><pre style=\"line-height: 100%;\"><span style=\"font-family: times new roman, times; font-size: 18px;\"><span style=\"font-weight: normal;\">Idu\u0107e nedjelje, IV. vazmene, 2<\/span><span style=\"font-weight: normal;\">6<\/span><span style=\"font-weight: normal;\">. travnja 2026., na sv. misi u 11 sati, 35-oro djece, uglavnom na\u0161ih mladih \u017eupljana, po prvi \u0107e put primiti Isusa u sakramentu sv. pri\u010desti. <\/span><span style=\"font-weight: normal;\">Sv. ispovijed za njih i njihove roditelje bit \u0107e u subotu, 25. travnja u 8:30 <\/span><span style=\"font-weight: normal;\">sati<\/span><span style=\"font-weight: normal;\">.<\/span><span style=\"font-weight: normal;\"> Pratimo ih svojom molitvom i u\u010dvr\u0161\u0107ujmo u vjeri vlastitim primjerom euharistijske prakse i pobo\u017enosti.<\/span><\/span><\/pre><\/li><\/ul>\t\t\t\t\t\t\t\t<\/div>\n\t\t\t\t<\/div>\n\t\t\t\t\t<\/div>\n\t\t<\/div>\n\t\t\t\t\t<\/div>\n\t\t<\/section>\n\t\t\t\t<section class=\"elementor-section elementor-top-section elementor-element elementor-element-24f0917 elementor-section-boxed elementor-section-height-default elementor-section-height-default\" data-id=\"24f0917\" data-element_type=\"section\" data-e-type=\"section\">\n\t\t\t\t\t\t<div class=\"elementor-container elementor-column-gap-default\">\n\t\t\t\t\t<div class=\"elementor-column elementor-col-100 elementor-top-column elementor-element elementor-element-69d331a\" data-id=\"69d331a\" data-element_type=\"column\" data-e-type=\"column\">\n\t\t\t<div class=\"elementor-widget-wrap\">\n\t\t\t\t\t\t\t<\/div>\n\t\t<\/div>\n\t\t\t\t\t<\/div>\n\t\t<\/section>\n\t\t\t\t<\/div>\n\t\t","protected":false},"excerpt":{"rendered":"<p>::: VIJESTI ::: Idu\u0107e nedjelje, IV. vazmene, 26. travnja 2026., na sv. misi u 11 sati, 35-oro djece, uglavnom [&hellip;]<\/p>\n","protected":false},"author":1,"featured_media":4338,"comment_status":"closed","ping_status":"closed","sticky":false,"template":"elementor_header_footer","format":"standard","meta":{"footnotes":""},"categories":[252],"tags":[],"class_list":["post-20641","post","type-post","status-publish","format-standard","has-post-thumbnail","hentry","category-najave-dogadaja"],"aioseo_notices":[],"aioseo_head":"\n\t\t<!-- All in One SEO 4.9.8 - aioseo.com -->\n\t<meta name=\"description\" content=\"::: VIJESTI ::: Idu\u0107e nedjelje, IV. vazmene, 26. travnja 2026., na sv. misi u 11 sati, 35-oro djece, uglavnom na\u0161ih mladih \u017eupljana, po prvi \u0107e put primiti Isusa u sakramentu sv. pri\u010desti. Sv. ispovijed za njih i njihove roditelje bit \u0107e u subotu, 25. travnja u 8:30 sati. Pratimo ih svojom molitvom i u\u010dvr\u0161\u0107ujmo u\" \/>\n\t<meta name=\"robots\" content=\"max-image-preview:large\" \/>\n\t<meta name=\"author\" content=\"sinisaconar\"\/>\n\t<link rel=\"canonical\" href=\"https:\/\/www.zupa-ubdm-biskupec.hr\/?p=20641\" \/>\n\t<meta name=\"generator\" content=\"All in One SEO (AIOSEO) 4.9.8\" \/>\n\t\t<meta property=\"og:locale\" content=\"hr_HR\" \/>\n\t\t<meta property=\"og:site_name\" content=\"- \u017dupa Uznesenja BDM Bi\u0161kupec\" \/>\n\t\t<meta property=\"og:type\" content=\"article\" \/>\n\t\t<meta property=\"og:title\" content=\"PRVA PRI\u010cEST -\" \/>\n\t\t<meta property=\"og:description\" content=\"::: VIJESTI ::: Idu\u0107e nedjelje, IV. vazmene, 26. travnja 2026., na sv. misi u 11 sati, 35-oro djece, uglavnom na\u0161ih mladih \u017eupljana, po prvi \u0107e put primiti Isusa u sakramentu sv. pri\u010desti. Sv. ispovijed za njih i njihove roditelje bit \u0107e u subotu, 25. travnja u 8:30 sati. Pratimo ih svojom molitvom i u\u010dvr\u0161\u0107ujmo u\" \/>\n\t\t<meta property=\"og:url\" content=\"https:\/\/www.zupa-ubdm-biskupec.hr\/?p=20641\" \/>\n\t\t<meta property=\"article:published_time\" content=\"2026-04-19T05:50:02+00:00\" \/>\n\t\t<meta property=\"article:modified_time\" content=\"2026-04-19T05:54:46+00:00\" \/>\n\t\t<meta name=\"twitter:card\" content=\"summary_large_image\" \/>\n\t\t<meta name=\"twitter:title\" content=\"PRVA PRI\u010cEST -\" \/>\n\t\t<meta name=\"twitter:description\" content=\"::: VIJESTI ::: Idu\u0107e nedjelje, IV. vazmene, 26. travnja 2026., na sv. misi u 11 sati, 35-oro djece, uglavnom na\u0161ih mladih \u017eupljana, po prvi \u0107e put primiti Isusa u sakramentu sv. pri\u010desti. Sv. ispovijed za njih i njihove roditelje bit \u0107e u subotu, 25. travnja u 8:30 sati. Pratimo ih svojom molitvom i u\u010dvr\u0161\u0107ujmo u\" \/>\n\t\t<script type=\"application\/ld+json\" class=\"aioseo-schema\">\n\t\t\t{\"@context\":\"https:\\\/\\\/schema.org\",\"@graph\":[{\"@type\":\"BlogPosting\",\"@id\":\"https:\\\/\\\/www.zupa-ubdm-biskupec.hr\\\/?p=20641#blogposting\",\"name\":\"PRVA PRI\\u010cEST -\",\"headline\":\"PRVA PRI\\u010cEST\",\"author\":{\"@id\":\"https:\\\/\\\/www.zupa-ubdm-biskupec.hr\\\/?author=1#author\"},\"publisher\":{\"@id\":\"https:\\\/\\\/www.zupa-ubdm-biskupec.hr\\\/#organization\"},\"image\":{\"@type\":\"ImageObject\",\"url\":\"https:\\\/\\\/www.zupa-ubdm-biskupec.hr\\\/wp-content\\\/uploads\\\/2023\\\/06\\\/pricest-2.jpg\",\"width\":150,\"height\":130},\"datePublished\":\"2026-04-19T07:50:02+02:00\",\"dateModified\":\"2026-04-19T07:54:46+02:00\",\"inLanguage\":\"hr\",\"mainEntityOfPage\":{\"@id\":\"https:\\\/\\\/www.zupa-ubdm-biskupec.hr\\\/?p=20641#webpage\"},\"isPartOf\":{\"@id\":\"https:\\\/\\\/www.zupa-ubdm-biskupec.hr\\\/?p=20641#webpage\"},\"articleSection\":\"Najave doga\\u0111aja\"},{\"@type\":\"BreadcrumbList\",\"@id\":\"https:\\\/\\\/www.zupa-ubdm-biskupec.hr\\\/?p=20641#breadcrumblist\",\"itemListElement\":[{\"@type\":\"ListItem\",\"@id\":\"https:\\\/\\\/www.zupa-ubdm-biskupec.hr#listItem\",\"position\":1,\"name\":\"Home\",\"item\":\"https:\\\/\\\/www.zupa-ubdm-biskupec.hr\",\"nextItem\":{\"@type\":\"ListItem\",\"@id\":\"https:\\\/\\\/www.zupa-ubdm-biskupec.hr\\\/?cat=252#listItem\",\"name\":\"Najave doga\\u0111aja\"}},{\"@type\":\"ListItem\",\"@id\":\"https:\\\/\\\/www.zupa-ubdm-biskupec.hr\\\/?cat=252#listItem\",\"position\":2,\"name\":\"Najave doga\\u0111aja\",\"item\":\"https:\\\/\\\/www.zupa-ubdm-biskupec.hr\\\/?cat=252\",\"nextItem\":{\"@type\":\"ListItem\",\"@id\":\"https:\\\/\\\/www.zupa-ubdm-biskupec.hr\\\/?p=20641#listItem\",\"name\":\"PRVA PRI\\u010cEST\"},\"previousItem\":{\"@type\":\"ListItem\",\"@id\":\"https:\\\/\\\/www.zupa-ubdm-biskupec.hr#listItem\",\"name\":\"Home\"}},{\"@type\":\"ListItem\",\"@id\":\"https:\\\/\\\/www.zupa-ubdm-biskupec.hr\\\/?p=20641#listItem\",\"position\":3,\"name\":\"PRVA PRI\\u010cEST\",\"previousItem\":{\"@type\":\"ListItem\",\"@id\":\"https:\\\/\\\/www.zupa-ubdm-biskupec.hr\\\/?cat=252#listItem\",\"name\":\"Najave doga\\u0111aja\"}}]},{\"@type\":\"Organization\",\"@id\":\"https:\\\/\\\/www.zupa-ubdm-biskupec.hr\\\/#organization\",\"description\":\"\\u017dupa Uznesenja BDM Bi\\u0161kupec\",\"url\":\"https:\\\/\\\/www.zupa-ubdm-biskupec.hr\\\/\"},{\"@type\":\"Person\",\"@id\":\"https:\\\/\\\/www.zupa-ubdm-biskupec.hr\\\/?author=1#author\",\"url\":\"https:\\\/\\\/www.zupa-ubdm-biskupec.hr\\\/?author=1\",\"name\":\"sinisaconar\",\"image\":{\"@type\":\"ImageObject\",\"@id\":\"https:\\\/\\\/www.zupa-ubdm-biskupec.hr\\\/?p=20641#authorImage\",\"url\":\"https:\\\/\\\/secure.gravatar.com\\\/avatar\\\/df8c92957073ebd499bf56da29a359fe5d42d1773a45544f6759929c6c8d8918?s=96&d=mm&r=g\",\"width\":96,\"height\":96,\"caption\":\"sinisaconar\"}},{\"@type\":\"WebPage\",\"@id\":\"https:\\\/\\\/www.zupa-ubdm-biskupec.hr\\\/?p=20641#webpage\",\"url\":\"https:\\\/\\\/www.zupa-ubdm-biskupec.hr\\\/?p=20641\",\"name\":\"PRVA PRI\\u010cEST -\",\"description\":\"::: VIJESTI ::: Idu\\u0107e nedjelje, IV. vazmene, 26. travnja 2026., na sv. misi u 11 sati, 35-oro djece, uglavnom na\\u0161ih mladih \\u017eupljana, po prvi \\u0107e put primiti Isusa u sakramentu sv. pri\\u010desti. Sv. ispovijed za njih i njihove roditelje bit \\u0107e u subotu, 25. travnja u 8:30 sati. Pratimo ih svojom molitvom i u\\u010dvr\\u0161\\u0107ujmo u\",\"inLanguage\":\"hr\",\"isPartOf\":{\"@id\":\"https:\\\/\\\/www.zupa-ubdm-biskupec.hr\\\/#website\"},\"breadcrumb\":{\"@id\":\"https:\\\/\\\/www.zupa-ubdm-biskupec.hr\\\/?p=20641#breadcrumblist\"},\"author\":{\"@id\":\"https:\\\/\\\/www.zupa-ubdm-biskupec.hr\\\/?author=1#author\"},\"creator\":{\"@id\":\"https:\\\/\\\/www.zupa-ubdm-biskupec.hr\\\/?author=1#author\"},\"image\":{\"@type\":\"ImageObject\",\"url\":\"https:\\\/\\\/www.zupa-ubdm-biskupec.hr\\\/wp-content\\\/uploads\\\/2023\\\/06\\\/pricest-2.jpg\",\"@id\":\"https:\\\/\\\/www.zupa-ubdm-biskupec.hr\\\/?p=20641\\\/#mainImage\",\"width\":150,\"height\":130},\"primaryImageOfPage\":{\"@id\":\"https:\\\/\\\/www.zupa-ubdm-biskupec.hr\\\/?p=20641#mainImage\"},\"datePublished\":\"2026-04-19T07:50:02+02:00\",\"dateModified\":\"2026-04-19T07:54:46+02:00\"},{\"@type\":\"WebSite\",\"@id\":\"https:\\\/\\\/www.zupa-ubdm-biskupec.hr\\\/#website\",\"url\":\"https:\\\/\\\/www.zupa-ubdm-biskupec.hr\\\/\",\"description\":\"\\u017dupa Uznesenja BDM Bi\\u0161kupec\",\"inLanguage\":\"hr\",\"publisher\":{\"@id\":\"https:\\\/\\\/www.zupa-ubdm-biskupec.hr\\\/#organization\"}}]}\n\t\t<\/script>\n\t\t<!-- All in One SEO -->\n\n","aioseo_head_json":{"title":"PRVA PRI\u010cEST -","description":"::: VIJESTI ::: Idu\u0107e nedjelje, IV. vazmene, 26. travnja 2026., na sv. misi u 11 sati, 35-oro djece, uglavnom na\u0161ih mladih \u017eupljana, po prvi \u0107e put primiti Isusa u sakramentu sv. pri\u010desti. Sv. ispovijed za njih i njihove roditelje bit \u0107e u subotu, 25. travnja u 8:30 sati. Pratimo ih svojom molitvom i u\u010dvr\u0161\u0107ujmo u","canonical_url":"https:\/\/www.zupa-ubdm-biskupec.hr\/?p=20641","robots":"max-image-preview:large","keywords":"","webmasterTools":{"miscellaneous":""},"schema":{"@context":"https:\/\/schema.org","@graph":[{"@type":"BlogPosting","@id":"https:\/\/www.zupa-ubdm-biskupec.hr\/?p=20641#blogposting","name":"PRVA PRI\u010cEST -","headline":"PRVA PRI\u010cEST","author":{"@id":"https:\/\/www.zupa-ubdm-biskupec.hr\/?author=1#author"},"publisher":{"@id":"https:\/\/www.zupa-ubdm-biskupec.hr\/#organization"},"image":{"@type":"ImageObject","url":"https:\/\/www.zupa-ubdm-biskupec.hr\/wp-content\/uploads\/2023\/06\/pricest-2.jpg","width":150,"height":130},"datePublished":"2026-04-19T07:50:02+02:00","dateModified":"2026-04-19T07:54:46+02:00","inLanguage":"hr","mainEntityOfPage":{"@id":"https:\/\/www.zupa-ubdm-biskupec.hr\/?p=20641#webpage"},"isPartOf":{"@id":"https:\/\/www.zupa-ubdm-biskupec.hr\/?p=20641#webpage"},"articleSection":"Najave doga\u0111aja"},{"@type":"BreadcrumbList","@id":"https:\/\/www.zupa-ubdm-biskupec.hr\/?p=20641#breadcrumblist","itemListElement":[{"@type":"ListItem","@id":"https:\/\/www.zupa-ubdm-biskupec.hr#listItem","position":1,"name":"Home","item":"https:\/\/www.zupa-ubdm-biskupec.hr","nextItem":{"@type":"ListItem","@id":"https:\/\/www.zupa-ubdm-biskupec.hr\/?cat=252#listItem","name":"Najave doga\u0111aja"}},{"@type":"ListItem","@id":"https:\/\/www.zupa-ubdm-biskupec.hr\/?cat=252#listItem","position":2,"name":"Najave doga\u0111aja","item":"https:\/\/www.zupa-ubdm-biskupec.hr\/?cat=252","nextItem":{"@type":"ListItem","@id":"https:\/\/www.zupa-ubdm-biskupec.hr\/?p=20641#listItem","name":"PRVA PRI\u010cEST"},"previousItem":{"@type":"ListItem","@id":"https:\/\/www.zupa-ubdm-biskupec.hr#listItem","name":"Home"}},{"@type":"ListItem","@id":"https:\/\/www.zupa-ubdm-biskupec.hr\/?p=20641#listItem","position":3,"name":"PRVA PRI\u010cEST","previousItem":{"@type":"ListItem","@id":"https:\/\/www.zupa-ubdm-biskupec.hr\/?cat=252#listItem","name":"Najave doga\u0111aja"}}]},{"@type":"Organization","@id":"https:\/\/www.zupa-ubdm-biskupec.hr\/#organization","description":"\u017dupa Uznesenja BDM Bi\u0161kupec","url":"https:\/\/www.zupa-ubdm-biskupec.hr\/"},{"@type":"Person","@id":"https:\/\/www.zupa-ubdm-biskupec.hr\/?author=1#author","url":"https:\/\/www.zupa-ubdm-biskupec.hr\/?author=1","name":"sinisaconar","image":{"@type":"ImageObject","@id":"https:\/\/www.zupa-ubdm-biskupec.hr\/?p=20641#authorImage","url":"https:\/\/secure.gravatar.com\/avatar\/df8c92957073ebd499bf56da29a359fe5d42d1773a45544f6759929c6c8d8918?s=96&d=mm&r=g","width":96,"height":96,"caption":"sinisaconar"}},{"@type":"WebPage","@id":"https:\/\/www.zupa-ubdm-biskupec.hr\/?p=20641#webpage","url":"https:\/\/www.zupa-ubdm-biskupec.hr\/?p=20641","name":"PRVA PRI\u010cEST -","description":"::: VIJESTI ::: Idu\u0107e nedjelje, IV. vazmene, 26. travnja 2026., na sv. misi u 11 sati, 35-oro djece, uglavnom na\u0161ih mladih \u017eupljana, po prvi \u0107e put primiti Isusa u sakramentu sv. pri\u010desti. Sv. ispovijed za njih i njihove roditelje bit \u0107e u subotu, 25. travnja u 8:30 sati. Pratimo ih svojom molitvom i u\u010dvr\u0161\u0107ujmo u","inLanguage":"hr","isPartOf":{"@id":"https:\/\/www.zupa-ubdm-biskupec.hr\/#website"},"breadcrumb":{"@id":"https:\/\/www.zupa-ubdm-biskupec.hr\/?p=20641#breadcrumblist"},"author":{"@id":"https:\/\/www.zupa-ubdm-biskupec.hr\/?author=1#author"},"creator":{"@id":"https:\/\/www.zupa-ubdm-biskupec.hr\/?author=1#author"},"image":{"@type":"ImageObject","url":"https:\/\/www.zupa-ubdm-biskupec.hr\/wp-content\/uploads\/2023\/06\/pricest-2.jpg","@id":"https:\/\/www.zupa-ubdm-biskupec.hr\/?p=20641\/#mainImage","width":150,"height":130},"primaryImageOfPage":{"@id":"https:\/\/www.zupa-ubdm-biskupec.hr\/?p=20641#mainImage"},"datePublished":"2026-04-19T07:50:02+02:00","dateModified":"2026-04-19T07:54:46+02:00"},{"@type":"WebSite","@id":"https:\/\/www.zupa-ubdm-biskupec.hr\/#website","url":"https:\/\/www.zupa-ubdm-biskupec.hr\/","description":"\u017dupa Uznesenja BDM Bi\u0161kupec","inLanguage":"hr","publisher":{"@id":"https:\/\/www.zupa-ubdm-biskupec.hr\/#organization"}}]},"og:locale":"hr_HR","og:site_name":"- \u017dupa Uznesenja BDM Bi\u0161kupec","og:type":"article","og:title":"PRVA PRI\u010cEST -","og:description":"::: VIJESTI ::: Idu\u0107e nedjelje, IV. vazmene, 26. travnja 2026., na sv. misi u 11 sati, 35-oro djece, uglavnom na\u0161ih mladih \u017eupljana, po prvi \u0107e put primiti Isusa u sakramentu sv. pri\u010desti. Sv. ispovijed za njih i njihove roditelje bit \u0107e u subotu, 25. travnja u 8:30 sati. Pratimo ih svojom molitvom i u\u010dvr\u0161\u0107ujmo u","og:url":"https:\/\/www.zupa-ubdm-biskupec.hr\/?p=20641","article:published_time":"2026-04-19T05:50:02+00:00","article:modified_time":"2026-04-19T05:54:46+00:00","twitter:card":"summary_large_image","twitter:title":"PRVA PRI\u010cEST -","twitter:description":"::: VIJESTI ::: Idu\u0107e nedjelje, IV. vazmene, 26. travnja 2026., na sv. misi u 11 sati, 35-oro djece, uglavnom na\u0161ih mladih \u017eupljana, po prvi \u0107e put primiti Isusa u sakramentu sv. pri\u010desti. Sv. ispovijed za njih i njihove roditelje bit \u0107e u subotu, 25. travnja u 8:30 sati. Pratimo ih svojom molitvom i u\u010dvr\u0161\u0107ujmo u"},"aioseo_meta_data":{"post_id":"20641","title":null,"description":null,"keywords":null,"keyphrases":{"focus":{"keyphrase":"","score":0,"analysis":{"keyphraseInTitle":{"score":0,"maxScore":9,"error":1}}},"additional":[]},"primary_term":null,"canonical_url":null,"og_title":null,"og_description":null,"og_object_type":"default","og_image_type":"default","og_image_url":null,"og_image_width":null,"og_image_height":null,"og_image_custom_url":null,"og_image_custom_fields":null,"og_video":"","og_custom_url":null,"og_article_section":null,"og_article_tags":null,"twitter_use_og":false,"twitter_card":"default","twitter_image_type":"default","twitter_image_url":null,"twitter_image_custom_url":null,"twitter_image_custom_fields":null,"twitter_title":null,"twitter_description":null,"schema":{"blockGraphs":[],"customGraphs":[],"default":{"data":{"Article":[],"Course":[],"Dataset":[],"FAQPage":[],"Movie":[],"Person":[],"Product":[],"ProductReview":[],"Car":[],"Recipe":[],"Service":[],"SoftwareApplication":[],"WebPage":[]},"graphName":"BlogPosting","isEnabled":true},"graphs":[]},"schema_type":"default","schema_type_options":null,"pillar_content":false,"robots_default":true,"robots_noindex":false,"robots_noarchive":false,"robots_nosnippet":false,"robots_nofollow":false,"robots_noimageindex":false,"robots_noodp":false,"robots_notranslate":false,"robots_max_snippet":"-1","robots_max_videopreview":"-1","robots_max_imagepreview":"large","priority":null,"frequency":"default","local_seo":null,"breadcrumb_settings":null,"limit_modified_date":false,"ai":{"faqs":[],"keyPoints":[],"titles":[],"descriptions":[],"socialPosts":{"email":[],"linkedin":[],"twitter":[],"facebook":[],"instagram":[]}},"created":"2026-04-19 05:50:03","updated":"2026-04-23 00:40:05","seo_analyzer_scan_date":null},"aioseo_breadcrumb":"<div class=\"aioseo-breadcrumbs\"><span class=\"aioseo-breadcrumb\">\n\t\t\t<a href=\"https:\/\/www.zupa-ubdm-biskupec.hr\" title=\"Home\">Home<\/a>\n\t\t<\/span><span class=\"aioseo-breadcrumb-separator\">&raquo;<\/span><span class=\"aioseo-breadcrumb\">\n\t\t\t<a href=\"https:\/\/www.zupa-ubdm-biskupec.hr\/?cat=252\" title=\"Najave doga\u0111aja\">Najave doga\u0111aja<\/a>\n\t\t<\/span><span class=\"aioseo-breadcrumb-separator\">&raquo;<\/span><span class=\"aioseo-breadcrumb\">\n\t\t\tPRVA PRI\u010cEST\n\t\t<\/span><\/div>","aioseo_breadcrumb_json":[{"label":"Home","link":"https:\/\/www.zupa-ubdm-biskupec.hr"},{"label":"Najave doga\u0111aja","link":"https:\/\/www.zupa-ubdm-biskupec.hr\/?cat=252"},{"label":"PRVA PRI\u010cEST","link":"https:\/\/www.zupa-ubdm-biskupec.hr\/?p=20641"}],"_links":{"self":[{"href":"https:\/\/www.zupa-ubdm-biskupec.hr\/index.php?rest_route=\/wp\/v2\/posts\/20641","targetHints":{"allow":["GET"]}}],"collection":[{"href":"https:\/\/www.zupa-ubdm-biskupec.hr\/index.php?rest_route=\/wp\/v2\/posts"}],"about":[{"href":"https:\/\/www.zupa-ubdm-biskupec.hr\/index.php?rest_route=\/wp\/v2\/types\/post"}],"author":[{"embeddable":true,"href":"https:\/\/www.zupa-ubdm-biskupec.hr\/index.php?rest_route=\/wp\/v2\/users\/1"}],"replies":[{"embeddable":true,"href":"https:\/\/www.zupa-ubdm-biskupec.hr\/index.php?rest_route=%2Fwp%2Fv2%2Fcomments&post=20641"}],"version-history":[{"count":4,"href":"https:\/\/www.zupa-ubdm-biskupec.hr\/index.php?rest_route=\/wp\/v2\/posts\/20641\/revisions"}],"predecessor-version":[{"id":20646,"href":"https:\/\/www.zupa-ubdm-biskupec.hr\/index.php?rest_route=\/wp\/v2\/posts\/20641\/revisions\/20646"}],"wp:featuredmedia":[{"embeddable":true,"href":"https:\/\/www.zupa-ubdm-biskupec.hr\/index.php?rest_route=\/wp\/v2\/media\/4338"}],"wp:attachment":[{"href":"https:\/\/www.zupa-ubdm-biskupec.hr\/index.php?rest_route=%2Fwp%2Fv2%2Fmedia&parent=20641"}],"wp:term":[{"taxonomy":"category","embeddable":true,"href":"https:\/\/www.zupa-ubdm-biskupec.hr\/index.php?rest_route=%2Fwp%2Fv2%2Fcategories&post=20641"},{"taxonomy":"post_tag","embeddable":true,"href":"https:\/\/www.zupa-ubdm-biskupec.hr\/index.php?rest_route=%2Fwp%2Fv2%2Ftags&post=20641"}],"curies":[{"name":"wp","href":"https:\/\/api.w.org\/{rel}","templated":true}]}}