


{"id":20528,"date":"2026-03-08T07:55:51","date_gmt":"2026-03-08T06:55:51","guid":{"rendered":"https:\/\/www.zupa-ubdm-biskupec.hr\/?p=20528"},"modified":"2026-03-08T07:58:21","modified_gmt":"2026-03-08T06:58:21","slug":"krizni-put-naseljima-zupe-2","status":"publish","type":"post","link":"https:\/\/www.zupa-ubdm-biskupec.hr\/?p=20528","title":{"rendered":"KRI\u017dNI PUT NASELJIMA \u017dUPE"},"content":{"rendered":"\t\t<div data-elementor-type=\"wp-post\" data-elementor-id=\"20528\" class=\"elementor elementor-20528\">\n\t\t\t\t\t\t<section class=\"elementor-section elementor-top-section elementor-element elementor-element-5fe41fd7 elementor-section-full_width elementor-section-height-default elementor-section-height-default\" data-id=\"5fe41fd7\" data-element_type=\"section\" data-e-type=\"section\">\n\t\t\t\t\t\t<div class=\"elementor-container elementor-column-gap-no\">\n\t\t\t\t\t<div class=\"elementor-column elementor-col-100 elementor-top-column elementor-element elementor-element-3f7eb129\" data-id=\"3f7eb129\" data-element_type=\"column\" data-e-type=\"column\">\n\t\t\t<div class=\"elementor-widget-wrap elementor-element-populated\">\n\t\t\t\t\t\t<div class=\"elementor-element elementor-element-257560db elementor-widget-divider--view-line elementor-widget elementor-widget-divider\" data-id=\"257560db\" data-element_type=\"widget\" data-e-type=\"widget\" data-widget_type=\"divider.default\">\n\t\t\t\t<div class=\"elementor-widget-container\">\n\t\t\t\t\t\t\t<div class=\"elementor-divider\">\n\t\t\t<span class=\"elementor-divider-separator\">\n\t\t\t\t\t\t<\/span>\n\t\t<\/div>\n\t\t\t\t\t\t<\/div>\n\t\t\t\t<\/div>\n\t\t\t\t\t<\/div>\n\t\t<\/div>\n\t\t\t\t\t<\/div>\n\t\t<\/section>\n\t\t\t\t<section class=\"elementor-section elementor-top-section elementor-element elementor-element-57cf2cf9 elementor-section-content-middle elementor-section-boxed elementor-section-height-default elementor-section-height-default\" data-id=\"57cf2cf9\" data-element_type=\"section\" data-e-type=\"section\" data-settings=\"{&quot;background_background&quot;:&quot;classic&quot;}\">\n\t\t\t\t\t\t\t<div class=\"elementor-background-overlay\"><\/div>\n\t\t\t\t\t\t\t<div class=\"elementor-container elementor-column-gap-no\">\n\t\t\t\t\t<div class=\"elementor-column elementor-col-100 elementor-top-column elementor-element elementor-element-742c24f6\" data-id=\"742c24f6\" data-element_type=\"column\" data-e-type=\"column\">\n\t\t\t<div class=\"elementor-widget-wrap elementor-element-populated\">\n\t\t\t\t\t\t<div class=\"elementor-element elementor-element-6ec8ef13 elementor-widget elementor-widget-heading\" data-id=\"6ec8ef13\" data-element_type=\"widget\" data-e-type=\"widget\" data-widget_type=\"heading.default\">\n\t\t\t\t<div class=\"elementor-widget-container\">\n\t\t\t\t\t<h2 class=\"elementor-heading-title elementor-size-default\">NAJAVE IZ \u017dUPE<\/h2>\t\t\t\t<\/div>\n\t\t\t\t<\/div>\n\t\t\t\t\t<\/div>\n\t\t<\/div>\n\t\t\t\t\t<\/div>\n\t\t<\/section>\n\t\t\t\t<section class=\"elementor-section elementor-top-section elementor-element elementor-element-124b2281 elementor-section-content-middle elementor-section-full_width elementor-section-height-min-height elementor-section-height-default elementor-section-items-middle\" data-id=\"124b2281\" data-element_type=\"section\" data-e-type=\"section\">\n\t\t\t\t\t\t<div class=\"elementor-container elementor-column-gap-no\">\n\t\t\t\t\t<div class=\"elementor-column elementor-col-100 elementor-top-column elementor-element elementor-element-60e18712\" data-id=\"60e18712\" data-element_type=\"column\" data-e-type=\"column\">\n\t\t\t<div class=\"elementor-widget-wrap elementor-element-populated\">\n\t\t\t\t\t\t<div class=\"elementor-element elementor-element-5797d139 elementor-widget-divider--view-line elementor-widget elementor-widget-divider\" data-id=\"5797d139\" data-element_type=\"widget\" data-e-type=\"widget\" data-widget_type=\"divider.default\">\n\t\t\t\t<div class=\"elementor-widget-container\">\n\t\t\t\t\t\t\t<div class=\"elementor-divider\">\n\t\t\t<span class=\"elementor-divider-separator\">\n\t\t\t\t\t\t<\/span>\n\t\t<\/div>\n\t\t\t\t\t\t<\/div>\n\t\t\t\t<\/div>\n\t\t\t\t\t<\/div>\n\t\t<\/div>\n\t\t\t\t\t<\/div>\n\t\t<\/section>\n\t\t\t\t<section class=\"elementor-section elementor-top-section elementor-element elementor-element-7444455 elementor-section-boxed elementor-section-height-default elementor-section-height-default\" data-id=\"7444455\" data-element_type=\"section\" data-e-type=\"section\" data-settings=\"{&quot;shape_divider_bottom&quot;:&quot;waves&quot;}\">\n\t\t\t\t\t<div class=\"elementor-shape elementor-shape-bottom\" aria-hidden=\"true\" data-negative=\"false\">\n\t\t\t<svg xmlns=\"http:\/\/www.w3.org\/2000\/svg\" viewBox=\"0 0 1000 100\" preserveAspectRatio=\"none\">\n\t<path class=\"elementor-shape-fill\" d=\"M421.9,6.5c22.6-2.5,51.5,0.4,75.5,5.3c23.6,4.9,70.9,23.5,100.5,35.7c75.8,32.2,133.7,44.5,192.6,49.7\n\tc23.6,2.1,48.7,3.5,103.4-2.5c54.7-6,106.2-25.6,106.2-25.6V0H0v30.3c0,0,72,32.6,158.4,30.5c39.2-0.7,92.8-6.7,134-22.4\n\tc21.2-8.1,52.2-18.2,79.7-24.2C399.3,7.9,411.6,7.5,421.9,6.5z\"\/>\n<\/svg>\t\t<\/div>\n\t\t\t\t\t<div class=\"elementor-container elementor-column-gap-default\">\n\t\t\t\t\t<div class=\"elementor-column elementor-col-100 elementor-top-column elementor-element elementor-element-505ef3c\" data-id=\"505ef3c\" data-element_type=\"column\" data-e-type=\"column\">\n\t\t\t<div class=\"elementor-widget-wrap elementor-element-populated\">\n\t\t\t\t\t\t<div class=\"elementor-element elementor-element-bef4545 elementor-widget__width-initial elementor-widget elementor-widget-text-editor\" data-id=\"bef4545\" data-element_type=\"widget\" data-e-type=\"widget\" data-widget_type=\"text-editor.default\">\n\t\t\t\t<div class=\"elementor-widget-container\">\n\t\t\t\t\t\t\t\t\t<pre><span style=\"font-family: Roboto Condensed; font-size: 16px;\">\u2022 Idu\u0107e nedjelje, IV. korizmene, 15. o\u017eujka 2026, odr\u017eat \u0107e se tradicionalna pobo\u017enost kri\u017enoga puta kojem su postaje kapele i kri\u017eevi krajputa\u0161i na\u0161e \u017eupe, uz onaj u Poljani. Zapo\u010det \u0107e u 14 sati. Dosad se ta pobo\u017enost uvijek odr\u017eavala na V. korizmenu nedjelju, no sada je na\u0161 biskup mons. Rado\u0161 odredio da se zbog biskupijskog kri\u017enog puta mladih, koji je uvijek na tu nedjelju, na\u0161i \u017eupni \u201eterenski\u201c kri\u017eni putovi moraju prebaciti na neku drugu nedjelju.<\/span><\/pre>\t\t\t\t\t\t\t\t<\/div>\n\t\t\t\t<\/div>\n\t\t\t\t<div class=\"elementor-element elementor-element-234f549 elementor-widget elementor-widget-image\" data-id=\"234f549\" data-element_type=\"widget\" data-e-type=\"widget\" data-widget_type=\"image.default\">\n\t\t\t\t<div class=\"elementor-widget-container\">\n\t\t\t\t\t\t\t\t\t\t\t\t\t\t\t<img fetchpriority=\"high\" decoding=\"async\" width=\"640\" height=\"427\" src=\"https:\/\/www.zupa-ubdm-biskupec.hr\/wp-content\/uploads\/2025\/04\/krizni_put_biskupec__06042025_-38-768x512.jpg\" class=\"attachment-medium_large size-medium_large wp-image-8639\" alt=\"\" srcset=\"https:\/\/www.zupa-ubdm-biskupec.hr\/wp-content\/uploads\/2025\/04\/krizni_put_biskupec__06042025_-38-768x512.jpg 768w, https:\/\/www.zupa-ubdm-biskupec.hr\/wp-content\/uploads\/2025\/04\/krizni_put_biskupec__06042025_-38-300x200.jpg 300w, https:\/\/www.zupa-ubdm-biskupec.hr\/wp-content\/uploads\/2025\/04\/krizni_put_biskupec__06042025_-38-1024x683.jpg 1024w, https:\/\/www.zupa-ubdm-biskupec.hr\/wp-content\/uploads\/2025\/04\/krizni_put_biskupec__06042025_-38-535x357.jpg 535w, https:\/\/www.zupa-ubdm-biskupec.hr\/wp-content\/uploads\/2025\/04\/krizni_put_biskupec__06042025_-38-1536x1024.jpg 1536w, https:\/\/www.zupa-ubdm-biskupec.hr\/wp-content\/uploads\/2025\/04\/krizni_put_biskupec__06042025_-38-350x233.jpg 350w, https:\/\/www.zupa-ubdm-biskupec.hr\/wp-content\/uploads\/2025\/04\/krizni_put_biskupec__06042025_-38.jpg 1800w\" sizes=\"(max-width: 640px) 100vw, 640px\" \/>\t\t\t\t\t\t\t\t\t\t\t\t\t\t\t<\/div>\n\t\t\t\t<\/div>\n\t\t\t\t\t<\/div>\n\t\t<\/div>\n\t\t\t\t\t<\/div>\n\t\t<\/section>\n\t\t\t\t<section class=\"elementor-section elementor-top-section elementor-element elementor-element-79c39f9 elementor-section-boxed elementor-section-height-default elementor-section-height-default\" data-id=\"79c39f9\" data-element_type=\"section\" data-e-type=\"section\">\n\t\t\t\t\t\t<div class=\"elementor-container elementor-column-gap-default\">\n\t\t\t\t\t<div class=\"elementor-column elementor-col-100 elementor-top-column elementor-element elementor-element-3af9b9f\" data-id=\"3af9b9f\" data-element_type=\"column\" data-e-type=\"column\">\n\t\t\t<div class=\"elementor-widget-wrap\">\n\t\t\t\t\t\t\t<\/div>\n\t\t<\/div>\n\t\t\t\t\t<\/div>\n\t\t<\/section>\n\t\t\t\t<section class=\"elementor-section elementor-top-section elementor-element elementor-element-bddabbb elementor-section-boxed elementor-section-height-default elementor-section-height-default\" data-id=\"bddabbb\" data-element_type=\"section\" data-e-type=\"section\">\n\t\t\t\t\t\t<div class=\"elementor-container elementor-column-gap-default\">\n\t\t\t\t\t<div class=\"elementor-column elementor-col-100 elementor-top-column elementor-element elementor-element-31cd192\" data-id=\"31cd192\" data-element_type=\"column\" data-e-type=\"column\">\n\t\t\t<div class=\"elementor-widget-wrap\">\n\t\t\t\t\t\t\t<\/div>\n\t\t<\/div>\n\t\t\t\t\t<\/div>\n\t\t<\/section>\n\t\t\t\t<\/div>\n\t\t","protected":false},"excerpt":{"rendered":"<p>NAJAVE IZ \u017dUPE \u2022 Idu\u0107e nedjelje, IV. korizmene, 15. o\u017eujka 2026, odr\u017eat \u0107e se tradicionalna pobo\u017enost kri\u017enoga puta kojem [&hellip;]<\/p>\n","protected":false},"author":1,"featured_media":8639,"comment_status":"closed","ping_status":"closed","sticky":false,"template":"elementor_header_footer","format":"standard","meta":{"footnotes":""},"categories":[252],"tags":[],"class_list":["post-20528","post","type-post","status-publish","format-standard","has-post-thumbnail","hentry","category-najave-dogadaja"],"aioseo_notices":[],"aioseo_head":"\n\t\t<!-- All in One SEO 4.9.8 - aioseo.com -->\n\t<meta name=\"description\" content=\"NAJAVE IZ \u017dUPE \u2022 Idu\u0107e nedjelje, IV. korizmene, 15. o\u017eujka 2026, odr\u017eat \u0107e se tradicionalna pobo\u017enost kri\u017enoga puta kojem su postaje kapele i kri\u017eevi krajputa\u0161i na\u0161e \u017eupe, uz onaj u Poljani. Zapo\u010det \u0107e u 14 sati. Dosad se ta pobo\u017enost uvijek odr\u017eavala na V. korizmenu nedjelju, no sada je na\u0161 biskup mons. Rado\u0161 odredio da\" \/>\n\t<meta name=\"robots\" content=\"max-image-preview:large\" \/>\n\t<meta name=\"author\" content=\"sinisaconar\"\/>\n\t<link rel=\"canonical\" href=\"https:\/\/www.zupa-ubdm-biskupec.hr\/?p=20528\" \/>\n\t<meta name=\"generator\" content=\"All in One SEO (AIOSEO) 4.9.8\" \/>\n\t\t<meta property=\"og:locale\" content=\"hr_HR\" \/>\n\t\t<meta property=\"og:site_name\" content=\"- \u017dupa Uznesenja BDM Bi\u0161kupec\" \/>\n\t\t<meta property=\"og:type\" content=\"article\" \/>\n\t\t<meta property=\"og:title\" content=\"KRI\u017dNI PUT NASELJIMA \u017dUPE -\" \/>\n\t\t<meta property=\"og:description\" content=\"NAJAVE IZ \u017dUPE \u2022 Idu\u0107e nedjelje, IV. korizmene, 15. o\u017eujka 2026, odr\u017eat \u0107e se tradicionalna pobo\u017enost kri\u017enoga puta kojem su postaje kapele i kri\u017eevi krajputa\u0161i na\u0161e \u017eupe, uz onaj u Poljani. Zapo\u010det \u0107e u 14 sati. Dosad se ta pobo\u017enost uvijek odr\u017eavala na V. korizmenu nedjelju, no sada je na\u0161 biskup mons. Rado\u0161 odredio da\" \/>\n\t\t<meta property=\"og:url\" content=\"https:\/\/www.zupa-ubdm-biskupec.hr\/?p=20528\" \/>\n\t\t<meta property=\"article:published_time\" content=\"2026-03-08T06:55:51+00:00\" \/>\n\t\t<meta property=\"article:modified_time\" content=\"2026-03-08T06:58:21+00:00\" \/>\n\t\t<meta name=\"twitter:card\" content=\"summary_large_image\" \/>\n\t\t<meta name=\"twitter:title\" content=\"KRI\u017dNI PUT NASELJIMA \u017dUPE -\" \/>\n\t\t<meta name=\"twitter:description\" content=\"NAJAVE IZ \u017dUPE \u2022 Idu\u0107e nedjelje, IV. korizmene, 15. o\u017eujka 2026, odr\u017eat \u0107e se tradicionalna pobo\u017enost kri\u017enoga puta kojem su postaje kapele i kri\u017eevi krajputa\u0161i na\u0161e \u017eupe, uz onaj u Poljani. Zapo\u010det \u0107e u 14 sati. Dosad se ta pobo\u017enost uvijek odr\u017eavala na V. korizmenu nedjelju, no sada je na\u0161 biskup mons. Rado\u0161 odredio da\" \/>\n\t\t<script type=\"application\/ld+json\" class=\"aioseo-schema\">\n\t\t\t{\"@context\":\"https:\\\/\\\/schema.org\",\"@graph\":[{\"@type\":\"BlogPosting\",\"@id\":\"https:\\\/\\\/www.zupa-ubdm-biskupec.hr\\\/?p=20528#blogposting\",\"name\":\"KRI\\u017dNI PUT NASELJIMA \\u017dUPE -\",\"headline\":\"KRI\\u017dNI PUT NASELJIMA \\u017dUPE\",\"author\":{\"@id\":\"https:\\\/\\\/www.zupa-ubdm-biskupec.hr\\\/?author=1#author\"},\"publisher\":{\"@id\":\"https:\\\/\\\/www.zupa-ubdm-biskupec.hr\\\/#organization\"},\"image\":{\"@type\":\"ImageObject\",\"url\":\"https:\\\/\\\/www.zupa-ubdm-biskupec.hr\\\/wp-content\\\/uploads\\\/2025\\\/04\\\/krizni_put_biskupec__06042025_-38.jpg\",\"width\":1800,\"height\":1200},\"datePublished\":\"2026-03-08T07:55:51+01:00\",\"dateModified\":\"2026-03-08T07:58:21+01:00\",\"inLanguage\":\"hr\",\"mainEntityOfPage\":{\"@id\":\"https:\\\/\\\/www.zupa-ubdm-biskupec.hr\\\/?p=20528#webpage\"},\"isPartOf\":{\"@id\":\"https:\\\/\\\/www.zupa-ubdm-biskupec.hr\\\/?p=20528#webpage\"},\"articleSection\":\"Najave doga\\u0111aja\"},{\"@type\":\"BreadcrumbList\",\"@id\":\"https:\\\/\\\/www.zupa-ubdm-biskupec.hr\\\/?p=20528#breadcrumblist\",\"itemListElement\":[{\"@type\":\"ListItem\",\"@id\":\"https:\\\/\\\/www.zupa-ubdm-biskupec.hr#listItem\",\"position\":1,\"name\":\"Home\",\"item\":\"https:\\\/\\\/www.zupa-ubdm-biskupec.hr\",\"nextItem\":{\"@type\":\"ListItem\",\"@id\":\"https:\\\/\\\/www.zupa-ubdm-biskupec.hr\\\/?cat=252#listItem\",\"name\":\"Najave doga\\u0111aja\"}},{\"@type\":\"ListItem\",\"@id\":\"https:\\\/\\\/www.zupa-ubdm-biskupec.hr\\\/?cat=252#listItem\",\"position\":2,\"name\":\"Najave doga\\u0111aja\",\"item\":\"https:\\\/\\\/www.zupa-ubdm-biskupec.hr\\\/?cat=252\",\"nextItem\":{\"@type\":\"ListItem\",\"@id\":\"https:\\\/\\\/www.zupa-ubdm-biskupec.hr\\\/?p=20528#listItem\",\"name\":\"KRI\\u017dNI PUT NASELJIMA \\u017dUPE\"},\"previousItem\":{\"@type\":\"ListItem\",\"@id\":\"https:\\\/\\\/www.zupa-ubdm-biskupec.hr#listItem\",\"name\":\"Home\"}},{\"@type\":\"ListItem\",\"@id\":\"https:\\\/\\\/www.zupa-ubdm-biskupec.hr\\\/?p=20528#listItem\",\"position\":3,\"name\":\"KRI\\u017dNI PUT NASELJIMA \\u017dUPE\",\"previousItem\":{\"@type\":\"ListItem\",\"@id\":\"https:\\\/\\\/www.zupa-ubdm-biskupec.hr\\\/?cat=252#listItem\",\"name\":\"Najave doga\\u0111aja\"}}]},{\"@type\":\"Organization\",\"@id\":\"https:\\\/\\\/www.zupa-ubdm-biskupec.hr\\\/#organization\",\"description\":\"\\u017dupa Uznesenja BDM Bi\\u0161kupec\",\"url\":\"https:\\\/\\\/www.zupa-ubdm-biskupec.hr\\\/\"},{\"@type\":\"Person\",\"@id\":\"https:\\\/\\\/www.zupa-ubdm-biskupec.hr\\\/?author=1#author\",\"url\":\"https:\\\/\\\/www.zupa-ubdm-biskupec.hr\\\/?author=1\",\"name\":\"sinisaconar\",\"image\":{\"@type\":\"ImageObject\",\"@id\":\"https:\\\/\\\/www.zupa-ubdm-biskupec.hr\\\/?p=20528#authorImage\",\"url\":\"https:\\\/\\\/secure.gravatar.com\\\/avatar\\\/df8c92957073ebd499bf56da29a359fe5d42d1773a45544f6759929c6c8d8918?s=96&d=mm&r=g\",\"width\":96,\"height\":96,\"caption\":\"sinisaconar\"}},{\"@type\":\"WebPage\",\"@id\":\"https:\\\/\\\/www.zupa-ubdm-biskupec.hr\\\/?p=20528#webpage\",\"url\":\"https:\\\/\\\/www.zupa-ubdm-biskupec.hr\\\/?p=20528\",\"name\":\"KRI\\u017dNI PUT NASELJIMA \\u017dUPE -\",\"description\":\"NAJAVE IZ \\u017dUPE \\u2022 Idu\\u0107e nedjelje, IV. korizmene, 15. o\\u017eujka 2026, odr\\u017eat \\u0107e se tradicionalna pobo\\u017enost kri\\u017enoga puta kojem su postaje kapele i kri\\u017eevi krajputa\\u0161i na\\u0161e \\u017eupe, uz onaj u Poljani. Zapo\\u010det \\u0107e u 14 sati. Dosad se ta pobo\\u017enost uvijek odr\\u017eavala na V. korizmenu nedjelju, no sada je na\\u0161 biskup mons. Rado\\u0161 odredio da\",\"inLanguage\":\"hr\",\"isPartOf\":{\"@id\":\"https:\\\/\\\/www.zupa-ubdm-biskupec.hr\\\/#website\"},\"breadcrumb\":{\"@id\":\"https:\\\/\\\/www.zupa-ubdm-biskupec.hr\\\/?p=20528#breadcrumblist\"},\"author\":{\"@id\":\"https:\\\/\\\/www.zupa-ubdm-biskupec.hr\\\/?author=1#author\"},\"creator\":{\"@id\":\"https:\\\/\\\/www.zupa-ubdm-biskupec.hr\\\/?author=1#author\"},\"image\":{\"@type\":\"ImageObject\",\"url\":\"https:\\\/\\\/www.zupa-ubdm-biskupec.hr\\\/wp-content\\\/uploads\\\/2025\\\/04\\\/krizni_put_biskupec__06042025_-38.jpg\",\"@id\":\"https:\\\/\\\/www.zupa-ubdm-biskupec.hr\\\/?p=20528\\\/#mainImage\",\"width\":1800,\"height\":1200},\"primaryImageOfPage\":{\"@id\":\"https:\\\/\\\/www.zupa-ubdm-biskupec.hr\\\/?p=20528#mainImage\"},\"datePublished\":\"2026-03-08T07:55:51+01:00\",\"dateModified\":\"2026-03-08T07:58:21+01:00\"},{\"@type\":\"WebSite\",\"@id\":\"https:\\\/\\\/www.zupa-ubdm-biskupec.hr\\\/#website\",\"url\":\"https:\\\/\\\/www.zupa-ubdm-biskupec.hr\\\/\",\"description\":\"\\u017dupa Uznesenja BDM Bi\\u0161kupec\",\"inLanguage\":\"hr\",\"publisher\":{\"@id\":\"https:\\\/\\\/www.zupa-ubdm-biskupec.hr\\\/#organization\"}}]}\n\t\t<\/script>\n\t\t<!-- All in One SEO -->\n\n","aioseo_head_json":{"title":"KRI\u017dNI PUT NASELJIMA \u017dUPE -","description":"NAJAVE IZ \u017dUPE \u2022 Idu\u0107e nedjelje, IV. korizmene, 15. o\u017eujka 2026, odr\u017eat \u0107e se tradicionalna pobo\u017enost kri\u017enoga puta kojem su postaje kapele i kri\u017eevi krajputa\u0161i na\u0161e \u017eupe, uz onaj u Poljani. Zapo\u010det \u0107e u 14 sati. Dosad se ta pobo\u017enost uvijek odr\u017eavala na V. korizmenu nedjelju, no sada je na\u0161 biskup mons. Rado\u0161 odredio da","canonical_url":"https:\/\/www.zupa-ubdm-biskupec.hr\/?p=20528","robots":"max-image-preview:large","keywords":"","webmasterTools":{"miscellaneous":""},"schema":{"@context":"https:\/\/schema.org","@graph":[{"@type":"BlogPosting","@id":"https:\/\/www.zupa-ubdm-biskupec.hr\/?p=20528#blogposting","name":"KRI\u017dNI PUT NASELJIMA \u017dUPE -","headline":"KRI\u017dNI PUT NASELJIMA \u017dUPE","author":{"@id":"https:\/\/www.zupa-ubdm-biskupec.hr\/?author=1#author"},"publisher":{"@id":"https:\/\/www.zupa-ubdm-biskupec.hr\/#organization"},"image":{"@type":"ImageObject","url":"https:\/\/www.zupa-ubdm-biskupec.hr\/wp-content\/uploads\/2025\/04\/krizni_put_biskupec__06042025_-38.jpg","width":1800,"height":1200},"datePublished":"2026-03-08T07:55:51+01:00","dateModified":"2026-03-08T07:58:21+01:00","inLanguage":"hr","mainEntityOfPage":{"@id":"https:\/\/www.zupa-ubdm-biskupec.hr\/?p=20528#webpage"},"isPartOf":{"@id":"https:\/\/www.zupa-ubdm-biskupec.hr\/?p=20528#webpage"},"articleSection":"Najave doga\u0111aja"},{"@type":"BreadcrumbList","@id":"https:\/\/www.zupa-ubdm-biskupec.hr\/?p=20528#breadcrumblist","itemListElement":[{"@type":"ListItem","@id":"https:\/\/www.zupa-ubdm-biskupec.hr#listItem","position":1,"name":"Home","item":"https:\/\/www.zupa-ubdm-biskupec.hr","nextItem":{"@type":"ListItem","@id":"https:\/\/www.zupa-ubdm-biskupec.hr\/?cat=252#listItem","name":"Najave doga\u0111aja"}},{"@type":"ListItem","@id":"https:\/\/www.zupa-ubdm-biskupec.hr\/?cat=252#listItem","position":2,"name":"Najave doga\u0111aja","item":"https:\/\/www.zupa-ubdm-biskupec.hr\/?cat=252","nextItem":{"@type":"ListItem","@id":"https:\/\/www.zupa-ubdm-biskupec.hr\/?p=20528#listItem","name":"KRI\u017dNI PUT NASELJIMA \u017dUPE"},"previousItem":{"@type":"ListItem","@id":"https:\/\/www.zupa-ubdm-biskupec.hr#listItem","name":"Home"}},{"@type":"ListItem","@id":"https:\/\/www.zupa-ubdm-biskupec.hr\/?p=20528#listItem","position":3,"name":"KRI\u017dNI PUT NASELJIMA \u017dUPE","previousItem":{"@type":"ListItem","@id":"https:\/\/www.zupa-ubdm-biskupec.hr\/?cat=252#listItem","name":"Najave doga\u0111aja"}}]},{"@type":"Organization","@id":"https:\/\/www.zupa-ubdm-biskupec.hr\/#organization","description":"\u017dupa Uznesenja BDM Bi\u0161kupec","url":"https:\/\/www.zupa-ubdm-biskupec.hr\/"},{"@type":"Person","@id":"https:\/\/www.zupa-ubdm-biskupec.hr\/?author=1#author","url":"https:\/\/www.zupa-ubdm-biskupec.hr\/?author=1","name":"sinisaconar","image":{"@type":"ImageObject","@id":"https:\/\/www.zupa-ubdm-biskupec.hr\/?p=20528#authorImage","url":"https:\/\/secure.gravatar.com\/avatar\/df8c92957073ebd499bf56da29a359fe5d42d1773a45544f6759929c6c8d8918?s=96&d=mm&r=g","width":96,"height":96,"caption":"sinisaconar"}},{"@type":"WebPage","@id":"https:\/\/www.zupa-ubdm-biskupec.hr\/?p=20528#webpage","url":"https:\/\/www.zupa-ubdm-biskupec.hr\/?p=20528","name":"KRI\u017dNI PUT NASELJIMA \u017dUPE -","description":"NAJAVE IZ \u017dUPE \u2022 Idu\u0107e nedjelje, IV. korizmene, 15. o\u017eujka 2026, odr\u017eat \u0107e se tradicionalna pobo\u017enost kri\u017enoga puta kojem su postaje kapele i kri\u017eevi krajputa\u0161i na\u0161e \u017eupe, uz onaj u Poljani. Zapo\u010det \u0107e u 14 sati. Dosad se ta pobo\u017enost uvijek odr\u017eavala na V. korizmenu nedjelju, no sada je na\u0161 biskup mons. Rado\u0161 odredio da","inLanguage":"hr","isPartOf":{"@id":"https:\/\/www.zupa-ubdm-biskupec.hr\/#website"},"breadcrumb":{"@id":"https:\/\/www.zupa-ubdm-biskupec.hr\/?p=20528#breadcrumblist"},"author":{"@id":"https:\/\/www.zupa-ubdm-biskupec.hr\/?author=1#author"},"creator":{"@id":"https:\/\/www.zupa-ubdm-biskupec.hr\/?author=1#author"},"image":{"@type":"ImageObject","url":"https:\/\/www.zupa-ubdm-biskupec.hr\/wp-content\/uploads\/2025\/04\/krizni_put_biskupec__06042025_-38.jpg","@id":"https:\/\/www.zupa-ubdm-biskupec.hr\/?p=20528\/#mainImage","width":1800,"height":1200},"primaryImageOfPage":{"@id":"https:\/\/www.zupa-ubdm-biskupec.hr\/?p=20528#mainImage"},"datePublished":"2026-03-08T07:55:51+01:00","dateModified":"2026-03-08T07:58:21+01:00"},{"@type":"WebSite","@id":"https:\/\/www.zupa-ubdm-biskupec.hr\/#website","url":"https:\/\/www.zupa-ubdm-biskupec.hr\/","description":"\u017dupa Uznesenja BDM Bi\u0161kupec","inLanguage":"hr","publisher":{"@id":"https:\/\/www.zupa-ubdm-biskupec.hr\/#organization"}}]},"og:locale":"hr_HR","og:site_name":"- \u017dupa Uznesenja BDM Bi\u0161kupec","og:type":"article","og:title":"KRI\u017dNI PUT NASELJIMA \u017dUPE -","og:description":"NAJAVE IZ \u017dUPE \u2022 Idu\u0107e nedjelje, IV. korizmene, 15. o\u017eujka 2026, odr\u017eat \u0107e se tradicionalna pobo\u017enost kri\u017enoga puta kojem su postaje kapele i kri\u017eevi krajputa\u0161i na\u0161e \u017eupe, uz onaj u Poljani. Zapo\u010det \u0107e u 14 sati. Dosad se ta pobo\u017enost uvijek odr\u017eavala na V. korizmenu nedjelju, no sada je na\u0161 biskup mons. Rado\u0161 odredio da","og:url":"https:\/\/www.zupa-ubdm-biskupec.hr\/?p=20528","article:published_time":"2026-03-08T06:55:51+00:00","article:modified_time":"2026-03-08T06:58:21+00:00","twitter:card":"summary_large_image","twitter:title":"KRI\u017dNI PUT NASELJIMA \u017dUPE -","twitter:description":"NAJAVE IZ \u017dUPE \u2022 Idu\u0107e nedjelje, IV. korizmene, 15. o\u017eujka 2026, odr\u017eat \u0107e se tradicionalna pobo\u017enost kri\u017enoga puta kojem su postaje kapele i kri\u017eevi krajputa\u0161i na\u0161e \u017eupe, uz onaj u Poljani. Zapo\u010det \u0107e u 14 sati. Dosad se ta pobo\u017enost uvijek odr\u017eavala na V. korizmenu nedjelju, no sada je na\u0161 biskup mons. Rado\u0161 odredio da"},"aioseo_meta_data":{"post_id":"20528","title":null,"description":null,"keywords":null,"keyphrases":{"focus":{"keyphrase":"","score":0,"analysis":{"keyphraseInTitle":{"score":0,"maxScore":9,"error":1}}},"additional":[]},"primary_term":null,"canonical_url":null,"og_title":null,"og_description":null,"og_object_type":"default","og_image_type":"default","og_image_url":null,"og_image_width":null,"og_image_height":null,"og_image_custom_url":null,"og_image_custom_fields":null,"og_video":"","og_custom_url":null,"og_article_section":null,"og_article_tags":null,"twitter_use_og":false,"twitter_card":"default","twitter_image_type":"default","twitter_image_url":null,"twitter_image_custom_url":null,"twitter_image_custom_fields":null,"twitter_title":null,"twitter_description":null,"schema":{"blockGraphs":[],"customGraphs":[],"default":{"data":{"Article":[],"Course":[],"Dataset":[],"FAQPage":[],"Movie":[],"Person":[],"Product":[],"ProductReview":[],"Car":[],"Recipe":[],"Service":[],"SoftwareApplication":[],"WebPage":[]},"graphName":"BlogPosting","isEnabled":true},"graphs":[]},"schema_type":"default","schema_type_options":null,"pillar_content":false,"robots_default":true,"robots_noindex":false,"robots_noarchive":false,"robots_nosnippet":false,"robots_nofollow":false,"robots_noimageindex":false,"robots_noodp":false,"robots_notranslate":false,"robots_max_snippet":"-1","robots_max_videopreview":"-1","robots_max_imagepreview":"large","priority":null,"frequency":"default","local_seo":null,"breadcrumb_settings":null,"limit_modified_date":false,"ai":{"faqs":[],"keyPoints":[],"titles":[],"descriptions":[],"socialPosts":{"email":[],"linkedin":[],"twitter":[],"facebook":[],"instagram":[]}},"created":"2026-03-08 06:54:59","updated":"2026-03-08 07:02:21","seo_analyzer_scan_date":null},"aioseo_breadcrumb":"<div class=\"aioseo-breadcrumbs\"><span class=\"aioseo-breadcrumb\">\n\t\t\t<a href=\"https:\/\/www.zupa-ubdm-biskupec.hr\" title=\"Home\">Home<\/a>\n\t\t<\/span><span class=\"aioseo-breadcrumb-separator\">&raquo;<\/span><span class=\"aioseo-breadcrumb\">\n\t\t\t<a href=\"https:\/\/www.zupa-ubdm-biskupec.hr\/?cat=252\" title=\"Najave doga\u0111aja\">Najave doga\u0111aja<\/a>\n\t\t<\/span><span class=\"aioseo-breadcrumb-separator\">&raquo;<\/span><span class=\"aioseo-breadcrumb\">\n\t\t\tKRI\u017dNI PUT NASELJIMA \u017dUPE\n\t\t<\/span><\/div>","aioseo_breadcrumb_json":[{"label":"Home","link":"https:\/\/www.zupa-ubdm-biskupec.hr"},{"label":"Najave doga\u0111aja","link":"https:\/\/www.zupa-ubdm-biskupec.hr\/?cat=252"},{"label":"KRI\u017dNI PUT NASELJIMA \u017dUPE","link":"https:\/\/www.zupa-ubdm-biskupec.hr\/?p=20528"}],"_links":{"self":[{"href":"https:\/\/www.zupa-ubdm-biskupec.hr\/index.php?rest_route=\/wp\/v2\/posts\/20528","targetHints":{"allow":["GET"]}}],"collection":[{"href":"https:\/\/www.zupa-ubdm-biskupec.hr\/index.php?rest_route=\/wp\/v2\/posts"}],"about":[{"href":"https:\/\/www.zupa-ubdm-biskupec.hr\/index.php?rest_route=\/wp\/v2\/types\/post"}],"author":[{"embeddable":true,"href":"https:\/\/www.zupa-ubdm-biskupec.hr\/index.php?rest_route=\/wp\/v2\/users\/1"}],"replies":[{"embeddable":true,"href":"https:\/\/www.zupa-ubdm-biskupec.hr\/index.php?rest_route=%2Fwp%2Fv2%2Fcomments&post=20528"}],"version-history":[{"count":5,"href":"https:\/\/www.zupa-ubdm-biskupec.hr\/index.php?rest_route=\/wp\/v2\/posts\/20528\/revisions"}],"predecessor-version":[{"id":20533,"href":"https:\/\/www.zupa-ubdm-biskupec.hr\/index.php?rest_route=\/wp\/v2\/posts\/20528\/revisions\/20533"}],"wp:featuredmedia":[{"embeddable":true,"href":"https:\/\/www.zupa-ubdm-biskupec.hr\/index.php?rest_route=\/wp\/v2\/media\/8639"}],"wp:attachment":[{"href":"https:\/\/www.zupa-ubdm-biskupec.hr\/index.php?rest_route=%2Fwp%2Fv2%2Fmedia&parent=20528"}],"wp:term":[{"taxonomy":"category","embeddable":true,"href":"https:\/\/www.zupa-ubdm-biskupec.hr\/index.php?rest_route=%2Fwp%2Fv2%2Fcategories&post=20528"},{"taxonomy":"post_tag","embeddable":true,"href":"https:\/\/www.zupa-ubdm-biskupec.hr\/index.php?rest_route=%2Fwp%2Fv2%2Ftags&post=20528"}],"curies":[{"name":"wp","href":"https:\/\/api.w.org\/{rel}","templated":true}]}}