


{"id":20413,"date":"2026-01-26T21:49:53","date_gmt":"2026-01-26T20:49:53","guid":{"rendered":"https:\/\/www.zupa-ubdm-biskupec.hr\/?p=20413"},"modified":"2026-01-27T08:10:16","modified_gmt":"2026-01-27T07:10:16","slug":"fotografije-godisnje-zupno-klanjanje-2026","status":"publish","type":"post","link":"https:\/\/www.zupa-ubdm-biskupec.hr\/?p=20413","title":{"rendered":"FOTOGRAFIJE GODI\u0160NJE \u017dUPNO KLANJANJE 2026."},"content":{"rendered":"\t\t<div data-elementor-type=\"wp-post\" data-elementor-id=\"20413\" class=\"elementor elementor-20413\">\n\t\t\t\t\t\t<section class=\"elementor-section elementor-top-section elementor-element elementor-element-5fe41fd7 elementor-section-full_width elementor-section-height-default elementor-section-height-default\" data-id=\"5fe41fd7\" data-element_type=\"section\" data-e-type=\"section\">\n\t\t\t\t\t\t<div class=\"elementor-container elementor-column-gap-no\">\n\t\t\t\t\t<div class=\"elementor-column elementor-col-100 elementor-top-column elementor-element elementor-element-3f7eb129\" data-id=\"3f7eb129\" data-element_type=\"column\" data-e-type=\"column\">\n\t\t\t<div class=\"elementor-widget-wrap elementor-element-populated\">\n\t\t\t\t\t\t<div class=\"elementor-element elementor-element-257560db elementor-widget-divider--view-line elementor-widget elementor-widget-divider\" data-id=\"257560db\" data-element_type=\"widget\" data-e-type=\"widget\" data-widget_type=\"divider.default\">\n\t\t\t\t<div class=\"elementor-widget-container\">\n\t\t\t\t\t\t\t<div class=\"elementor-divider\">\n\t\t\t<span class=\"elementor-divider-separator\">\n\t\t\t\t\t\t<\/span>\n\t\t<\/div>\n\t\t\t\t\t\t<\/div>\n\t\t\t\t<\/div>\n\t\t\t\t\t<\/div>\n\t\t<\/div>\n\t\t\t\t\t<\/div>\n\t\t<\/section>\n\t\t\t\t<section class=\"elementor-section elementor-top-section elementor-element elementor-element-57cf2cf9 elementor-section-content-middle elementor-section-boxed elementor-section-height-default elementor-section-height-default\" data-id=\"57cf2cf9\" data-element_type=\"section\" data-e-type=\"section\" data-settings=\"{&quot;background_background&quot;:&quot;classic&quot;}\">\n\t\t\t\t\t\t\t<div class=\"elementor-background-overlay\"><\/div>\n\t\t\t\t\t\t\t<div class=\"elementor-container elementor-column-gap-no\">\n\t\t\t\t\t<div class=\"elementor-column elementor-col-100 elementor-top-column elementor-element elementor-element-742c24f6\" data-id=\"742c24f6\" data-element_type=\"column\" data-e-type=\"column\">\n\t\t\t<div class=\"elementor-widget-wrap elementor-element-populated\">\n\t\t\t\t\t\t<div class=\"elementor-element elementor-element-6ec8ef13 elementor-widget elementor-widget-heading\" data-id=\"6ec8ef13\" data-element_type=\"widget\" data-e-type=\"widget\" data-widget_type=\"heading.default\">\n\t\t\t\t<div class=\"elementor-widget-container\">\n\t\t\t\t\t<h2 class=\"elementor-heading-title elementor-size-default\">::: VIJESTI :::<\/h2>\t\t\t\t<\/div>\n\t\t\t\t<\/div>\n\t\t\t\t\t<\/div>\n\t\t<\/div>\n\t\t\t\t\t<\/div>\n\t\t<\/section>\n\t\t\t\t<section class=\"elementor-section elementor-top-section elementor-element elementor-element-124b2281 elementor-section-content-middle elementor-section-full_width elementor-section-height-min-height elementor-section-height-default elementor-section-items-middle\" data-id=\"124b2281\" data-element_type=\"section\" data-e-type=\"section\">\n\t\t\t\t\t\t<div class=\"elementor-container elementor-column-gap-no\">\n\t\t\t\t\t<div class=\"elementor-column elementor-col-100 elementor-top-column elementor-element elementor-element-60e18712\" data-id=\"60e18712\" data-element_type=\"column\" data-e-type=\"column\">\n\t\t\t<div class=\"elementor-widget-wrap elementor-element-populated\">\n\t\t\t\t\t\t<div class=\"elementor-element elementor-element-5797d139 elementor-widget-divider--view-line elementor-widget elementor-widget-divider\" data-id=\"5797d139\" data-element_type=\"widget\" data-e-type=\"widget\" data-widget_type=\"divider.default\">\n\t\t\t\t<div class=\"elementor-widget-container\">\n\t\t\t\t\t\t\t<div class=\"elementor-divider\">\n\t\t\t<span class=\"elementor-divider-separator\">\n\t\t\t\t\t\t<\/span>\n\t\t<\/div>\n\t\t\t\t\t\t<\/div>\n\t\t\t\t<\/div>\n\t\t\t\t\t<\/div>\n\t\t<\/div>\n\t\t\t\t\t<\/div>\n\t\t<\/section>\n\t\t\t\t<section class=\"elementor-section elementor-top-section elementor-element elementor-element-27a9185 elementor-section-boxed elementor-section-height-default elementor-section-height-default\" data-id=\"27a9185\" data-element_type=\"section\" data-e-type=\"section\">\n\t\t\t\t\t\t<div class=\"elementor-container elementor-column-gap-default\">\n\t\t\t\t\t<div class=\"elementor-column elementor-col-100 elementor-top-column elementor-element elementor-element-9f3e3e3\" data-id=\"9f3e3e3\" data-element_type=\"column\" data-e-type=\"column\">\n\t\t\t<div class=\"elementor-widget-wrap elementor-element-populated\">\n\t\t\t\t\t\t<div class=\"elementor-element elementor-element-4106edd elementor-widget__width-initial elementor-widget elementor-widget-text-editor\" data-id=\"4106edd\" data-element_type=\"widget\" data-e-type=\"widget\" data-widget_type=\"text-editor.default\">\n\t\t\t\t<div class=\"elementor-widget-container\">\n\t\t\t\t\t\t\t\t\t<pre>\u00b7 Ovogodi\u0161nje misno slavlje predvodio je pre\u010d. Damjan Koren, kanonik prepo\u0161t Zbornog kaptola, predstojnik Katehetskog ureda i ravnatelj Duhovnog centra na Veternici u zajedni\u0161tvu sa na\u0161im \u017eupnikom, pre\u010d. Damirom Bobovcem, fra Dejanom Leci\u0107em, \u017eupnikom \u017dupe sv. Vida i gvardijanom kapucinskog samostana u Vara\u017edinu te umirovljenim sve\u0107enikom vl\u010d. Dragutinom Bogadijem.<\/pre>\t\t\t\t\t\t\t\t<\/div>\n\t\t\t\t<\/div>\n\t\t\t\t\t<\/div>\n\t\t<\/div>\n\t\t\t\t\t<\/div>\n\t\t<\/section>\n\t\t\t\t<section class=\"elementor-section elementor-top-section elementor-element elementor-element-79c39f9 elementor-section-boxed elementor-section-height-default elementor-section-height-default\" data-id=\"79c39f9\" data-element_type=\"section\" data-e-type=\"section\">\n\t\t\t\t\t\t<div class=\"elementor-container elementor-column-gap-default\">\n\t\t\t\t\t<div class=\"elementor-column elementor-col-100 elementor-top-column elementor-element elementor-element-3af9b9f\" data-id=\"3af9b9f\" data-element_type=\"column\" data-e-type=\"column\">\n\t\t\t<div class=\"elementor-widget-wrap elementor-element-populated\">\n\t\t\t\t\t\t<div class=\"elementor-element elementor-element-38590d7 elementor-widget elementor-widget-shortcode\" data-id=\"38590d7\" data-element_type=\"widget\" data-e-type=\"widget\" data-widget_type=\"shortcode.default\">\n\t\t\t\t<div class=\"elementor-widget-container\">\n\t\t\t\t\t\t\t<div class=\"elementor-shortcode\"><style>#pgb-20393 .photo-gallery-item .caption { background-color: #ffffff;  }#pgb-20393 .photo-gallery-item .figc {color:#ffffff;}#pgb-20393 .pgb-title {  font-size: 18px; }#pgb-20393  p.description { color:#ffffff;font-size:14px; }#pgb-20393  .pgb-title { color:#ffffff; }<\/style>\n\r\n\r\n<div id=\"pgb-20393\" class=\"photo-gallery-wp photo-gallery\" style=\"padding:0px 15px 0px 0px;\" data-config=\"{&quot;margin&quot;:8,&quot;type&quot;:&quot;custom-grid&quot;,&quot;gutter&quot;:8}\">\r\n\r\n\r\n\r\n<style>\r\n\/* ---- isotope ---- *\/\r\n\r\n\/* clear fix *\/\r\n.grid_pgb-20393 {\r\n  content: '';\r\n  display: block;\r\n  clear: both;\r\n}\r\n\r\n\/* ---- .grid-item ---- *\/\r\n\r\n.grid-item_pgb-20393 {\r\n  float: left;\r\n}\r\n\r\n.grid-item_pgb-20393 img {\r\n  display: block;\r\n  max-width: 100%;\r\n}\r\n<\/style>\r\n\r\n\t\t\t<div class=\"row\">\r\n\t\t\t\t\t\t\t\t<div class=\"col-md-3 col-sm-6 col-12\">\r\n\t\t\t\t\t<div class=\"layout-6\" style=\"margin: 8px;\">\r\n\t\t\t\t\t\t<div class=\"layout-inner\">\r\n\t\t\t\t\t\t\t<div class=\"layout-image\">\r\n\r\n\t\t\t\t\t\t\t\r\n\t\t\t\t\t\t\t\t<a class=\"popup-box\" href=\"https:\/\/www.zupa-ubdm-biskupec.hr\/wp-content\/uploads\/2026\/01\/klanjanje_biskupec_26012026_001.jpg\" data-lightbox=\"image\">\r\n\t\t                            <img decoding=\"async\" src=\"https:\/\/www.zupa-ubdm-biskupec.hr\/wp-content\/uploads\/2026\/01\/klanjanje_biskupec_26012026_001-500x500.jpg\" style=\"width:100%;\">\r\n\t\t\t                    <\/a>\r\n\t\r\n\t                 \t\t\r\n\t\t\t\t\t\t\t\t\r\n\t\t\t\r\n\t\r\n\t\t\t\t\t\t\t<\/div><!-- ld-pf-image -->\r\n\t\t\t\t\t\t\t<div class=\"layout-content text-center\" \r\n\t\t\t\t\t\t\t\t\t >\r\n\t\t\t\t\t\t\t\t\t\t\t\t\t\r\n\t\t\t\t\t\t\t\t\t\r\n\t\t\t\t\t\t\t\t\t\t<h2 class='pgb-title' style=\"margin: 0px !important;\"><\/h2>\r\n\r\n\t\t\t\t\t\t\t\t\t\r\n\t\t\t\t\t\t\t\t\t\t\t\t\t\t\t\t\t\t\t\t\t\t\t\t\t<p class=\"description\"><\/p>\r\n\t\t\t\t\t\t\t\t\t\t\t\t\t\t\t<\/div>\r\n\t\t\t\t\t\t\t\r\n\r\n\t\t\t\t\t\t<\/div><!-- ld-pf-inner -->\r\n\t\t\t\t\t<\/div><!-- layout -->\r\n\t\t\t\t<\/div><!-- col -->\t\r\n\t\t\t\t\r\n\t\t\t\t\r\n\r\n\t\t\t\t\t\t\t\t\t<div class=\"col-md-3 col-sm-6 col-12\">\r\n\t\t\t\t\t<div class=\"layout-6\" style=\"margin: 8px;\">\r\n\t\t\t\t\t\t<div class=\"layout-inner\">\r\n\t\t\t\t\t\t\t<div class=\"layout-image\">\r\n\r\n\t\t\t\t\t\t\t\r\n\t\t\t\t\t\t\t\t<a class=\"popup-box\" href=\"https:\/\/www.zupa-ubdm-biskupec.hr\/wp-content\/uploads\/2026\/01\/klanjanje_biskupec_26012026_002.jpg\" data-lightbox=\"image\">\r\n\t\t                            <img decoding=\"async\" src=\"https:\/\/www.zupa-ubdm-biskupec.hr\/wp-content\/uploads\/2026\/01\/klanjanje_biskupec_26012026_002-500x500.jpg\" style=\"width:100%;\">\r\n\t\t\t                    <\/a>\r\n\t\r\n\t                 \t\t\r\n\t\t\t\t\t\t\t\t\r\n\t\t\t\r\n\t\r\n\t\t\t\t\t\t\t<\/div><!-- ld-pf-image -->\r\n\t\t\t\t\t\t\t<div class=\"layout-content text-center\" \r\n\t\t\t\t\t\t\t\t\t >\r\n\t\t\t\t\t\t\t\t\t\t\t\t\t\r\n\t\t\t\t\t\t\t\t\t\r\n\t\t\t\t\t\t\t\t\t\t<h2 class='pgb-title' style=\"margin: 0px !important;\"><\/h2>\r\n\r\n\t\t\t\t\t\t\t\t\t\r\n\t\t\t\t\t\t\t\t\t\t\t\t\t\t\t\t\t\t\t\t\t\t\t\t\t<p class=\"description\"><\/p>\r\n\t\t\t\t\t\t\t\t\t\t\t\t\t\t\t<\/div>\r\n\t\t\t\t\t\t\t\r\n\r\n\t\t\t\t\t\t<\/div><!-- ld-pf-inner -->\r\n\t\t\t\t\t<\/div><!-- layout -->\r\n\t\t\t\t<\/div><!-- col -->\t\r\n\t\t\t\t\r\n\t\t\t\t\r\n\r\n\t\t\t\t\t\t\t\t\t<div class=\"col-md-3 col-sm-6 col-12\">\r\n\t\t\t\t\t<div class=\"layout-6\" style=\"margin: 8px;\">\r\n\t\t\t\t\t\t<div class=\"layout-inner\">\r\n\t\t\t\t\t\t\t<div class=\"layout-image\">\r\n\r\n\t\t\t\t\t\t\t\r\n\t\t\t\t\t\t\t\t<a class=\"popup-box\" href=\"https:\/\/www.zupa-ubdm-biskupec.hr\/wp-content\/uploads\/2026\/01\/klanjanje_biskupec_26012026_003.jpg\" data-lightbox=\"image\">\r\n\t\t                            <img decoding=\"async\" src=\"https:\/\/www.zupa-ubdm-biskupec.hr\/wp-content\/uploads\/2026\/01\/klanjanje_biskupec_26012026_003-500x500.jpg\" style=\"width:100%;\">\r\n\t\t\t                    <\/a>\r\n\t\r\n\t                 \t\t\r\n\t\t\t\t\t\t\t\t\r\n\t\t\t\r\n\t\r\n\t\t\t\t\t\t\t<\/div><!-- ld-pf-image -->\r\n\t\t\t\t\t\t\t<div class=\"layout-content text-center\" \r\n\t\t\t\t\t\t\t\t\t >\r\n\t\t\t\t\t\t\t\t\t\t\t\t\t\r\n\t\t\t\t\t\t\t\t\t\r\n\t\t\t\t\t\t\t\t\t\t<h2 class='pgb-title' style=\"margin: 0px !important;\"><\/h2>\r\n\r\n\t\t\t\t\t\t\t\t\t\r\n\t\t\t\t\t\t\t\t\t\t\t\t\t\t\t\t\t\t\t\t\t\t\t\t\t<p class=\"description\"><\/p>\r\n\t\t\t\t\t\t\t\t\t\t\t\t\t\t\t<\/div>\r\n\t\t\t\t\t\t\t\r\n\r\n\t\t\t\t\t\t<\/div><!-- ld-pf-inner -->\r\n\t\t\t\t\t<\/div><!-- layout -->\r\n\t\t\t\t<\/div><!-- col -->\t\r\n\t\t\t\t\r\n\t\t\t\t\r\n\r\n\t\t\t\t\t\t\t\t\t<div class=\"col-md-3 col-sm-6 col-12\">\r\n\t\t\t\t\t<div class=\"layout-6\" style=\"margin: 8px;\">\r\n\t\t\t\t\t\t<div class=\"layout-inner\">\r\n\t\t\t\t\t\t\t<div class=\"layout-image\">\r\n\r\n\t\t\t\t\t\t\t\r\n\t\t\t\t\t\t\t\t<a class=\"popup-box\" href=\"https:\/\/www.zupa-ubdm-biskupec.hr\/wp-content\/uploads\/2026\/01\/klanjanje_biskupec_26012026_004.jpg\" data-lightbox=\"image\">\r\n\t\t                            <img decoding=\"async\" src=\"https:\/\/www.zupa-ubdm-biskupec.hr\/wp-content\/uploads\/2026\/01\/klanjanje_biskupec_26012026_004-500x500.jpg\" style=\"width:100%;\">\r\n\t\t\t                    <\/a>\r\n\t\r\n\t                 \t\t\r\n\t\t\t\t\t\t\t\t\r\n\t\t\t\r\n\t\r\n\t\t\t\t\t\t\t<\/div><!-- ld-pf-image -->\r\n\t\t\t\t\t\t\t<div class=\"layout-content text-center\" \r\n\t\t\t\t\t\t\t\t\t >\r\n\t\t\t\t\t\t\t\t\t\t\t\t\t\r\n\t\t\t\t\t\t\t\t\t\r\n\t\t\t\t\t\t\t\t\t\t<h2 class='pgb-title' style=\"margin: 0px !important;\"><\/h2>\r\n\r\n\t\t\t\t\t\t\t\t\t\r\n\t\t\t\t\t\t\t\t\t\t\t\t\t\t\t\t\t\t\t\t\t\t\t\t\t<p class=\"description\"><\/p>\r\n\t\t\t\t\t\t\t\t\t\t\t\t\t\t\t<\/div>\r\n\t\t\t\t\t\t\t\r\n\r\n\t\t\t\t\t\t<\/div><!-- ld-pf-inner -->\r\n\t\t\t\t\t<\/div><!-- layout -->\r\n\t\t\t\t<\/div><!-- col -->\t\r\n\t\t\t\t\r\n\t\t\t\t\r\n\r\n\t\t\t\t\t\t\t\t\t<div class=\"col-md-3 col-sm-6 col-12\">\r\n\t\t\t\t\t<div class=\"layout-6\" style=\"margin: 8px;\">\r\n\t\t\t\t\t\t<div class=\"layout-inner\">\r\n\t\t\t\t\t\t\t<div class=\"layout-image\">\r\n\r\n\t\t\t\t\t\t\t\r\n\t\t\t\t\t\t\t\t<a class=\"popup-box\" href=\"https:\/\/www.zupa-ubdm-biskupec.hr\/wp-content\/uploads\/2026\/01\/klanjanje_biskupec_26012026_005.jpg\" data-lightbox=\"image\">\r\n\t\t                            <img decoding=\"async\" src=\"https:\/\/www.zupa-ubdm-biskupec.hr\/wp-content\/uploads\/2026\/01\/klanjanje_biskupec_26012026_005-500x500.jpg\" style=\"width:100%;\">\r\n\t\t\t                    <\/a>\r\n\t\r\n\t                 \t\t\r\n\t\t\t\t\t\t\t\t\r\n\t\t\t\r\n\t\r\n\t\t\t\t\t\t\t<\/div><!-- ld-pf-image -->\r\n\t\t\t\t\t\t\t<div class=\"layout-content text-center\" \r\n\t\t\t\t\t\t\t\t\t >\r\n\t\t\t\t\t\t\t\t\t\t\t\t\t\r\n\t\t\t\t\t\t\t\t\t\r\n\t\t\t\t\t\t\t\t\t\t<h2 class='pgb-title' style=\"margin: 0px !important;\"><\/h2>\r\n\r\n\t\t\t\t\t\t\t\t\t\r\n\t\t\t\t\t\t\t\t\t\t\t\t\t\t\t\t\t\t\t\t\t\t\t\t\t<p class=\"description\"><\/p>\r\n\t\t\t\t\t\t\t\t\t\t\t\t\t\t\t<\/div>\r\n\t\t\t\t\t\t\t\r\n\r\n\t\t\t\t\t\t<\/div><!-- ld-pf-inner -->\r\n\t\t\t\t\t<\/div><!-- layout -->\r\n\t\t\t\t<\/div><!-- col -->\t\r\n\t\t\t\t\r\n\t\t\t\t\r\n\r\n\t\t\t\t\t\t\t\t\t<div class=\"col-md-3 col-sm-6 col-12\">\r\n\t\t\t\t\t<div class=\"layout-6\" style=\"margin: 8px;\">\r\n\t\t\t\t\t\t<div class=\"layout-inner\">\r\n\t\t\t\t\t\t\t<div class=\"layout-image\">\r\n\r\n\t\t\t\t\t\t\t\r\n\t\t\t\t\t\t\t\t<a class=\"popup-box\" href=\"https:\/\/www.zupa-ubdm-biskupec.hr\/wp-content\/uploads\/2026\/01\/klanjanje_biskupec_26012026_006.jpg\" data-lightbox=\"image\">\r\n\t\t                            <img decoding=\"async\" src=\"https:\/\/www.zupa-ubdm-biskupec.hr\/wp-content\/uploads\/2026\/01\/klanjanje_biskupec_26012026_006-500x500.jpg\" style=\"width:100%;\">\r\n\t\t\t                    <\/a>\r\n\t\r\n\t                 \t\t\r\n\t\t\t\t\t\t\t\t\r\n\t\t\t\r\n\t\r\n\t\t\t\t\t\t\t<\/div><!-- ld-pf-image -->\r\n\t\t\t\t\t\t\t<div class=\"layout-content text-center\" \r\n\t\t\t\t\t\t\t\t\t >\r\n\t\t\t\t\t\t\t\t\t\t\t\t\t\r\n\t\t\t\t\t\t\t\t\t\r\n\t\t\t\t\t\t\t\t\t\t<h2 class='pgb-title' style=\"margin: 0px !important;\"><\/h2>\r\n\r\n\t\t\t\t\t\t\t\t\t\r\n\t\t\t\t\t\t\t\t\t\t\t\t\t\t\t\t\t\t\t\t\t\t\t\t\t<p class=\"description\"><\/p>\r\n\t\t\t\t\t\t\t\t\t\t\t\t\t\t\t<\/div>\r\n\t\t\t\t\t\t\t\r\n\r\n\t\t\t\t\t\t<\/div><!-- ld-pf-inner -->\r\n\t\t\t\t\t<\/div><!-- layout -->\r\n\t\t\t\t<\/div><!-- col -->\t\r\n\t\t\t\t\r\n\t\t\t\t\r\n\r\n\t\t\t\t\t\t\t\t\t<div class=\"col-md-3 col-sm-6 col-12\">\r\n\t\t\t\t\t<div class=\"layout-6\" style=\"margin: 8px;\">\r\n\t\t\t\t\t\t<div class=\"layout-inner\">\r\n\t\t\t\t\t\t\t<div class=\"layout-image\">\r\n\r\n\t\t\t\t\t\t\t\r\n\t\t\t\t\t\t\t\t<a class=\"popup-box\" href=\"https:\/\/www.zupa-ubdm-biskupec.hr\/wp-content\/uploads\/2026\/01\/klanjanje_biskupec_26012026_007.jpg\" data-lightbox=\"image\">\r\n\t\t                            <img decoding=\"async\" src=\"https:\/\/www.zupa-ubdm-biskupec.hr\/wp-content\/uploads\/2026\/01\/klanjanje_biskupec_26012026_007-500x500.jpg\" style=\"width:100%;\">\r\n\t\t\t                    <\/a>\r\n\t\r\n\t                 \t\t\r\n\t\t\t\t\t\t\t\t\r\n\t\t\t\r\n\t\r\n\t\t\t\t\t\t\t<\/div><!-- ld-pf-image -->\r\n\t\t\t\t\t\t\t<div class=\"layout-content text-center\" \r\n\t\t\t\t\t\t\t\t\t >\r\n\t\t\t\t\t\t\t\t\t\t\t\t\t\r\n\t\t\t\t\t\t\t\t\t\r\n\t\t\t\t\t\t\t\t\t\t<h2 class='pgb-title' style=\"margin: 0px !important;\"><\/h2>\r\n\r\n\t\t\t\t\t\t\t\t\t\r\n\t\t\t\t\t\t\t\t\t\t\t\t\t\t\t\t\t\t\t\t\t\t\t\t\t<p class=\"description\"><\/p>\r\n\t\t\t\t\t\t\t\t\t\t\t\t\t\t\t<\/div>\r\n\t\t\t\t\t\t\t\r\n\r\n\t\t\t\t\t\t<\/div><!-- ld-pf-inner -->\r\n\t\t\t\t\t<\/div><!-- layout -->\r\n\t\t\t\t<\/div><!-- col -->\t\r\n\t\t\t\t\r\n\t\t\t\t\r\n\r\n\t\t\t\t\t\t\t\t\t<div class=\"col-md-3 col-sm-6 col-12\">\r\n\t\t\t\t\t<div class=\"layout-6\" style=\"margin: 8px;\">\r\n\t\t\t\t\t\t<div class=\"layout-inner\">\r\n\t\t\t\t\t\t\t<div class=\"layout-image\">\r\n\r\n\t\t\t\t\t\t\t\r\n\t\t\t\t\t\t\t\t<a class=\"popup-box\" href=\"https:\/\/www.zupa-ubdm-biskupec.hr\/wp-content\/uploads\/2026\/01\/klanjanje_biskupec_26012026_008.jpg\" data-lightbox=\"image\">\r\n\t\t                            <img decoding=\"async\" src=\"https:\/\/www.zupa-ubdm-biskupec.hr\/wp-content\/uploads\/2026\/01\/klanjanje_biskupec_26012026_008-500x500.jpg\" style=\"width:100%;\">\r\n\t\t\t                    <\/a>\r\n\t\r\n\t                 \t\t\r\n\t\t\t\t\t\t\t\t\r\n\t\t\t\r\n\t\r\n\t\t\t\t\t\t\t<\/div><!-- ld-pf-image -->\r\n\t\t\t\t\t\t\t<div class=\"layout-content text-center\" \r\n\t\t\t\t\t\t\t\t\t >\r\n\t\t\t\t\t\t\t\t\t\t\t\t\t\r\n\t\t\t\t\t\t\t\t\t\r\n\t\t\t\t\t\t\t\t\t\t<h2 class='pgb-title' style=\"margin: 0px !important;\"><\/h2>\r\n\r\n\t\t\t\t\t\t\t\t\t\r\n\t\t\t\t\t\t\t\t\t\t\t\t\t\t\t\t\t\t\t\t\t\t\t\t\t<p class=\"description\"><\/p>\r\n\t\t\t\t\t\t\t\t\t\t\t\t\t\t\t<\/div>\r\n\t\t\t\t\t\t\t\r\n\r\n\t\t\t\t\t\t<\/div><!-- ld-pf-inner -->\r\n\t\t\t\t\t<\/div><!-- layout -->\r\n\t\t\t\t<\/div><!-- col -->\t\r\n\t\t\t\t\r\n\t\t\t\t\r\n\r\n\t\t\t\t\t\t\t\t\t<div class=\"col-md-3 col-sm-6 col-12\">\r\n\t\t\t\t\t<div class=\"layout-6\" style=\"margin: 8px;\">\r\n\t\t\t\t\t\t<div class=\"layout-inner\">\r\n\t\t\t\t\t\t\t<div class=\"layout-image\">\r\n\r\n\t\t\t\t\t\t\t\r\n\t\t\t\t\t\t\t\t<a class=\"popup-box\" href=\"https:\/\/www.zupa-ubdm-biskupec.hr\/wp-content\/uploads\/2026\/01\/klanjanje_biskupec_26012026_009.jpg\" data-lightbox=\"image\">\r\n\t\t                            <img decoding=\"async\" src=\"https:\/\/www.zupa-ubdm-biskupec.hr\/wp-content\/uploads\/2026\/01\/klanjanje_biskupec_26012026_009-500x500.jpg\" style=\"width:100%;\">\r\n\t\t\t                    <\/a>\r\n\t\r\n\t                 \t\t\r\n\t\t\t\t\t\t\t\t\r\n\t\t\t\r\n\t\r\n\t\t\t\t\t\t\t<\/div><!-- ld-pf-image -->\r\n\t\t\t\t\t\t\t<div class=\"layout-content text-center\" \r\n\t\t\t\t\t\t\t\t\t >\r\n\t\t\t\t\t\t\t\t\t\t\t\t\t\r\n\t\t\t\t\t\t\t\t\t\r\n\t\t\t\t\t\t\t\t\t\t<h2 class='pgb-title' style=\"margin: 0px !important;\"><\/h2>\r\n\r\n\t\t\t\t\t\t\t\t\t\r\n\t\t\t\t\t\t\t\t\t\t\t\t\t\t\t\t\t\t\t\t\t\t\t\t\t<p class=\"description\"><\/p>\r\n\t\t\t\t\t\t\t\t\t\t\t\t\t\t\t<\/div>\r\n\t\t\t\t\t\t\t\r\n\r\n\t\t\t\t\t\t<\/div><!-- ld-pf-inner -->\r\n\t\t\t\t\t<\/div><!-- layout -->\r\n\t\t\t\t<\/div><!-- col -->\t\r\n\t\t\t\t\r\n\t\t\t\t\r\n\r\n\t\t\t\t\r\n\r\n\t<\/div><!-- row -->\r\n\r\n\t<script>\r\n\r\n\t\tjQuery(document).ready( function () {\r\n    \r\n            var $grid = jQuery('#grid_pgb-20393').isotope({\r\n              itemSelector: '.grid-item_pgb-20393',\r\n                percentPosition: true,\r\n              masonry: {\r\n                columnWidth:0\r\n              }\r\n                \r\n            });\r\n            \r\n            $grid.imagesLoaded().progress( function() {\r\n              $grid.isotope('layout');\r\n            });\r\n\r\n          }\r\n        );\r\n\r\n\t<\/script>\r\n<\/div>\r\n<\/div>\n\t\t\t\t\t\t<\/div>\n\t\t\t\t<\/div>\n\t\t\t\t\t<\/div>\n\t\t<\/div>\n\t\t\t\t\t<\/div>\n\t\t<\/section>\n\t\t\t\t<\/div>\n\t\t","protected":false},"excerpt":{"rendered":"<p>::: VIJESTI ::: \u00b7 Ovogodi\u0161nje misno slavlje predvodio je pre\u010d. Damjan Koren, kanonik prepo\u0161t Zbornog kaptola, predstojnik Katehetskog ureda [&hellip;]<\/p>\n","protected":false},"author":1,"featured_media":20421,"comment_status":"closed","ping_status":"closed","sticky":false,"template":"elementor_header_footer","format":"standard","meta":{"footnotes":""},"categories":[1],"tags":[],"class_list":["post-20413","post","type-post","status-publish","format-standard","has-post-thumbnail","hentry","category-novosti-iz-zupe"],"aioseo_notices":[],"aioseo_head":"\n\t\t<!-- All in One SEO 4.9.8 - aioseo.com -->\n\t<meta name=\"description\" content=\"::: VIJESTI ::: \u00b7 Ovogodi\u0161nje misno slavlje predvodio je pre\u010d. Damjan Koren, kanonik prepo\u0161t Zbornog kaptola, predstojnik Katehetskog ureda i ravnatelj Duhovnog centra na Veternici u zajedni\u0161tvu sa na\u0161im \u017eupnikom, pre\u010d. Damirom Bobovcem, fra Dejanom Leci\u0107em, \u017eupnikom \u017dupe sv. Vida i gvardijanom kapucinskog samostana u Vara\u017edinu te umirovljenim sve\u0107enikom vl\u010d. Dragutinom Bogadijem. Podijeli na Facebook-uPodijeli\" \/>\n\t<meta name=\"robots\" content=\"max-image-preview:large\" \/>\n\t<meta name=\"author\" content=\"sinisaconar\"\/>\n\t<link rel=\"canonical\" href=\"https:\/\/www.zupa-ubdm-biskupec.hr\/?p=20413\" \/>\n\t<meta name=\"generator\" content=\"All in One SEO (AIOSEO) 4.9.8\" \/>\n\t\t<meta property=\"og:locale\" content=\"hr_HR\" \/>\n\t\t<meta property=\"og:site_name\" content=\"- \u017dupa Uznesenja BDM Bi\u0161kupec\" \/>\n\t\t<meta property=\"og:type\" content=\"article\" \/>\n\t\t<meta property=\"og:title\" content=\"FOTOGRAFIJE GODI\u0160NJE \u017dUPNO KLANJANJE 2026. -\" \/>\n\t\t<meta property=\"og:description\" content=\"::: VIJESTI ::: \u00b7 Ovogodi\u0161nje misno slavlje predvodio je pre\u010d. Damjan Koren, kanonik prepo\u0161t Zbornog kaptola, predstojnik Katehetskog ureda i ravnatelj Duhovnog centra na Veternici u zajedni\u0161tvu sa na\u0161im \u017eupnikom, pre\u010d. Damirom Bobovcem, fra Dejanom Leci\u0107em, \u017eupnikom \u017dupe sv. Vida i gvardijanom kapucinskog samostana u Vara\u017edinu te umirovljenim sve\u0107enikom vl\u010d. Dragutinom Bogadijem. Podijeli na Facebook-uPodijeli\" \/>\n\t\t<meta property=\"og:url\" content=\"https:\/\/www.zupa-ubdm-biskupec.hr\/?p=20413\" \/>\n\t\t<meta property=\"article:published_time\" content=\"2026-01-26T20:49:53+00:00\" \/>\n\t\t<meta property=\"article:modified_time\" content=\"2026-01-27T07:10:16+00:00\" \/>\n\t\t<meta name=\"twitter:card\" content=\"summary_large_image\" \/>\n\t\t<meta name=\"twitter:title\" content=\"FOTOGRAFIJE GODI\u0160NJE \u017dUPNO KLANJANJE 2026. -\" \/>\n\t\t<meta name=\"twitter:description\" content=\"::: VIJESTI ::: \u00b7 Ovogodi\u0161nje misno slavlje predvodio je pre\u010d. Damjan Koren, kanonik prepo\u0161t Zbornog kaptola, predstojnik Katehetskog ureda i ravnatelj Duhovnog centra na Veternici u zajedni\u0161tvu sa na\u0161im \u017eupnikom, pre\u010d. Damirom Bobovcem, fra Dejanom Leci\u0107em, \u017eupnikom \u017dupe sv. Vida i gvardijanom kapucinskog samostana u Vara\u017edinu te umirovljenim sve\u0107enikom vl\u010d. Dragutinom Bogadijem. Podijeli na Facebook-uPodijeli\" \/>\n\t\t<script type=\"application\/ld+json\" class=\"aioseo-schema\">\n\t\t\t{\"@context\":\"https:\\\/\\\/schema.org\",\"@graph\":[{\"@type\":\"BlogPosting\",\"@id\":\"https:\\\/\\\/www.zupa-ubdm-biskupec.hr\\\/?p=20413#blogposting\",\"name\":\"FOTOGRAFIJE GODI\\u0160NJE \\u017dUPNO KLANJANJE 2026. -\",\"headline\":\"FOTOGRAFIJE GODI\\u0160NJE \\u017dUPNO KLANJANJE 2026.\",\"author\":{\"@id\":\"https:\\\/\\\/www.zupa-ubdm-biskupec.hr\\\/?author=1#author\"},\"publisher\":{\"@id\":\"https:\\\/\\\/www.zupa-ubdm-biskupec.hr\\\/#organization\"},\"image\":{\"@type\":\"ImageObject\",\"url\":\"https:\\\/\\\/www.zupa-ubdm-biskupec.hr\\\/wp-content\\\/uploads\\\/2026\\\/01\\\/klanjanje_biskupec_26012026_001-1.jpg\",\"width\":2000,\"height\":1333},\"datePublished\":\"2026-01-26T21:49:53+01:00\",\"dateModified\":\"2026-01-27T08:10:16+01:00\",\"inLanguage\":\"hr\",\"mainEntityOfPage\":{\"@id\":\"https:\\\/\\\/www.zupa-ubdm-biskupec.hr\\\/?p=20413#webpage\"},\"isPartOf\":{\"@id\":\"https:\\\/\\\/www.zupa-ubdm-biskupec.hr\\\/?p=20413#webpage\"},\"articleSection\":\"Novosti iz \\u017eupe\"},{\"@type\":\"BreadcrumbList\",\"@id\":\"https:\\\/\\\/www.zupa-ubdm-biskupec.hr\\\/?p=20413#breadcrumblist\",\"itemListElement\":[{\"@type\":\"ListItem\",\"@id\":\"https:\\\/\\\/www.zupa-ubdm-biskupec.hr#listItem\",\"position\":1,\"name\":\"Home\",\"item\":\"https:\\\/\\\/www.zupa-ubdm-biskupec.hr\",\"nextItem\":{\"@type\":\"ListItem\",\"@id\":\"https:\\\/\\\/www.zupa-ubdm-biskupec.hr\\\/?cat=1#listItem\",\"name\":\"Novosti iz \\u017eupe\"}},{\"@type\":\"ListItem\",\"@id\":\"https:\\\/\\\/www.zupa-ubdm-biskupec.hr\\\/?cat=1#listItem\",\"position\":2,\"name\":\"Novosti iz \\u017eupe\",\"item\":\"https:\\\/\\\/www.zupa-ubdm-biskupec.hr\\\/?cat=1\",\"nextItem\":{\"@type\":\"ListItem\",\"@id\":\"https:\\\/\\\/www.zupa-ubdm-biskupec.hr\\\/?p=20413#listItem\",\"name\":\"FOTOGRAFIJE GODI\\u0160NJE \\u017dUPNO KLANJANJE 2026.\"},\"previousItem\":{\"@type\":\"ListItem\",\"@id\":\"https:\\\/\\\/www.zupa-ubdm-biskupec.hr#listItem\",\"name\":\"Home\"}},{\"@type\":\"ListItem\",\"@id\":\"https:\\\/\\\/www.zupa-ubdm-biskupec.hr\\\/?p=20413#listItem\",\"position\":3,\"name\":\"FOTOGRAFIJE GODI\\u0160NJE \\u017dUPNO KLANJANJE 2026.\",\"previousItem\":{\"@type\":\"ListItem\",\"@id\":\"https:\\\/\\\/www.zupa-ubdm-biskupec.hr\\\/?cat=1#listItem\",\"name\":\"Novosti iz \\u017eupe\"}}]},{\"@type\":\"Organization\",\"@id\":\"https:\\\/\\\/www.zupa-ubdm-biskupec.hr\\\/#organization\",\"description\":\"\\u017dupa Uznesenja BDM Bi\\u0161kupec\",\"url\":\"https:\\\/\\\/www.zupa-ubdm-biskupec.hr\\\/\"},{\"@type\":\"Person\",\"@id\":\"https:\\\/\\\/www.zupa-ubdm-biskupec.hr\\\/?author=1#author\",\"url\":\"https:\\\/\\\/www.zupa-ubdm-biskupec.hr\\\/?author=1\",\"name\":\"sinisaconar\",\"image\":{\"@type\":\"ImageObject\",\"@id\":\"https:\\\/\\\/www.zupa-ubdm-biskupec.hr\\\/?p=20413#authorImage\",\"url\":\"https:\\\/\\\/secure.gravatar.com\\\/avatar\\\/df8c92957073ebd499bf56da29a359fe5d42d1773a45544f6759929c6c8d8918?s=96&d=mm&r=g\",\"width\":96,\"height\":96,\"caption\":\"sinisaconar\"}},{\"@type\":\"WebPage\",\"@id\":\"https:\\\/\\\/www.zupa-ubdm-biskupec.hr\\\/?p=20413#webpage\",\"url\":\"https:\\\/\\\/www.zupa-ubdm-biskupec.hr\\\/?p=20413\",\"name\":\"FOTOGRAFIJE GODI\\u0160NJE \\u017dUPNO KLANJANJE 2026. -\",\"description\":\"::: VIJESTI ::: \\u00b7 Ovogodi\\u0161nje misno slavlje predvodio je pre\\u010d. Damjan Koren, kanonik prepo\\u0161t Zbornog kaptola, predstojnik Katehetskog ureda i ravnatelj Duhovnog centra na Veternici u zajedni\\u0161tvu sa na\\u0161im \\u017eupnikom, pre\\u010d. Damirom Bobovcem, fra Dejanom Leci\\u0107em, \\u017eupnikom \\u017dupe sv. Vida i gvardijanom kapucinskog samostana u Vara\\u017edinu te umirovljenim sve\\u0107enikom vl\\u010d. Dragutinom Bogadijem. Podijeli na Facebook-uPodijeli\",\"inLanguage\":\"hr\",\"isPartOf\":{\"@id\":\"https:\\\/\\\/www.zupa-ubdm-biskupec.hr\\\/#website\"},\"breadcrumb\":{\"@id\":\"https:\\\/\\\/www.zupa-ubdm-biskupec.hr\\\/?p=20413#breadcrumblist\"},\"author\":{\"@id\":\"https:\\\/\\\/www.zupa-ubdm-biskupec.hr\\\/?author=1#author\"},\"creator\":{\"@id\":\"https:\\\/\\\/www.zupa-ubdm-biskupec.hr\\\/?author=1#author\"},\"image\":{\"@type\":\"ImageObject\",\"url\":\"https:\\\/\\\/www.zupa-ubdm-biskupec.hr\\\/wp-content\\\/uploads\\\/2026\\\/01\\\/klanjanje_biskupec_26012026_001-1.jpg\",\"@id\":\"https:\\\/\\\/www.zupa-ubdm-biskupec.hr\\\/?p=20413\\\/#mainImage\",\"width\":2000,\"height\":1333},\"primaryImageOfPage\":{\"@id\":\"https:\\\/\\\/www.zupa-ubdm-biskupec.hr\\\/?p=20413#mainImage\"},\"datePublished\":\"2026-01-26T21:49:53+01:00\",\"dateModified\":\"2026-01-27T08:10:16+01:00\"},{\"@type\":\"WebSite\",\"@id\":\"https:\\\/\\\/www.zupa-ubdm-biskupec.hr\\\/#website\",\"url\":\"https:\\\/\\\/www.zupa-ubdm-biskupec.hr\\\/\",\"description\":\"\\u017dupa Uznesenja BDM Bi\\u0161kupec\",\"inLanguage\":\"hr\",\"publisher\":{\"@id\":\"https:\\\/\\\/www.zupa-ubdm-biskupec.hr\\\/#organization\"}}]}\n\t\t<\/script>\n\t\t<!-- All in One SEO -->\n\n","aioseo_head_json":{"title":"FOTOGRAFIJE GODI\u0160NJE \u017dUPNO KLANJANJE 2026. -","description":"::: VIJESTI ::: \u00b7 Ovogodi\u0161nje misno slavlje predvodio je pre\u010d. Damjan Koren, kanonik prepo\u0161t Zbornog kaptola, predstojnik Katehetskog ureda i ravnatelj Duhovnog centra na Veternici u zajedni\u0161tvu sa na\u0161im \u017eupnikom, pre\u010d. Damirom Bobovcem, fra Dejanom Leci\u0107em, \u017eupnikom \u017dupe sv. Vida i gvardijanom kapucinskog samostana u Vara\u017edinu te umirovljenim sve\u0107enikom vl\u010d. Dragutinom Bogadijem. Podijeli na Facebook-uPodijeli","canonical_url":"https:\/\/www.zupa-ubdm-biskupec.hr\/?p=20413","robots":"max-image-preview:large","keywords":"","webmasterTools":{"miscellaneous":""},"schema":{"@context":"https:\/\/schema.org","@graph":[{"@type":"BlogPosting","@id":"https:\/\/www.zupa-ubdm-biskupec.hr\/?p=20413#blogposting","name":"FOTOGRAFIJE GODI\u0160NJE \u017dUPNO KLANJANJE 2026. -","headline":"FOTOGRAFIJE GODI\u0160NJE \u017dUPNO KLANJANJE 2026.","author":{"@id":"https:\/\/www.zupa-ubdm-biskupec.hr\/?author=1#author"},"publisher":{"@id":"https:\/\/www.zupa-ubdm-biskupec.hr\/#organization"},"image":{"@type":"ImageObject","url":"https:\/\/www.zupa-ubdm-biskupec.hr\/wp-content\/uploads\/2026\/01\/klanjanje_biskupec_26012026_001-1.jpg","width":2000,"height":1333},"datePublished":"2026-01-26T21:49:53+01:00","dateModified":"2026-01-27T08:10:16+01:00","inLanguage":"hr","mainEntityOfPage":{"@id":"https:\/\/www.zupa-ubdm-biskupec.hr\/?p=20413#webpage"},"isPartOf":{"@id":"https:\/\/www.zupa-ubdm-biskupec.hr\/?p=20413#webpage"},"articleSection":"Novosti iz \u017eupe"},{"@type":"BreadcrumbList","@id":"https:\/\/www.zupa-ubdm-biskupec.hr\/?p=20413#breadcrumblist","itemListElement":[{"@type":"ListItem","@id":"https:\/\/www.zupa-ubdm-biskupec.hr#listItem","position":1,"name":"Home","item":"https:\/\/www.zupa-ubdm-biskupec.hr","nextItem":{"@type":"ListItem","@id":"https:\/\/www.zupa-ubdm-biskupec.hr\/?cat=1#listItem","name":"Novosti iz \u017eupe"}},{"@type":"ListItem","@id":"https:\/\/www.zupa-ubdm-biskupec.hr\/?cat=1#listItem","position":2,"name":"Novosti iz \u017eupe","item":"https:\/\/www.zupa-ubdm-biskupec.hr\/?cat=1","nextItem":{"@type":"ListItem","@id":"https:\/\/www.zupa-ubdm-biskupec.hr\/?p=20413#listItem","name":"FOTOGRAFIJE GODI\u0160NJE \u017dUPNO KLANJANJE 2026."},"previousItem":{"@type":"ListItem","@id":"https:\/\/www.zupa-ubdm-biskupec.hr#listItem","name":"Home"}},{"@type":"ListItem","@id":"https:\/\/www.zupa-ubdm-biskupec.hr\/?p=20413#listItem","position":3,"name":"FOTOGRAFIJE GODI\u0160NJE \u017dUPNO KLANJANJE 2026.","previousItem":{"@type":"ListItem","@id":"https:\/\/www.zupa-ubdm-biskupec.hr\/?cat=1#listItem","name":"Novosti iz \u017eupe"}}]},{"@type":"Organization","@id":"https:\/\/www.zupa-ubdm-biskupec.hr\/#organization","description":"\u017dupa Uznesenja BDM Bi\u0161kupec","url":"https:\/\/www.zupa-ubdm-biskupec.hr\/"},{"@type":"Person","@id":"https:\/\/www.zupa-ubdm-biskupec.hr\/?author=1#author","url":"https:\/\/www.zupa-ubdm-biskupec.hr\/?author=1","name":"sinisaconar","image":{"@type":"ImageObject","@id":"https:\/\/www.zupa-ubdm-biskupec.hr\/?p=20413#authorImage","url":"https:\/\/secure.gravatar.com\/avatar\/df8c92957073ebd499bf56da29a359fe5d42d1773a45544f6759929c6c8d8918?s=96&d=mm&r=g","width":96,"height":96,"caption":"sinisaconar"}},{"@type":"WebPage","@id":"https:\/\/www.zupa-ubdm-biskupec.hr\/?p=20413#webpage","url":"https:\/\/www.zupa-ubdm-biskupec.hr\/?p=20413","name":"FOTOGRAFIJE GODI\u0160NJE \u017dUPNO KLANJANJE 2026. -","description":"::: VIJESTI ::: \u00b7 Ovogodi\u0161nje misno slavlje predvodio je pre\u010d. Damjan Koren, kanonik prepo\u0161t Zbornog kaptola, predstojnik Katehetskog ureda i ravnatelj Duhovnog centra na Veternici u zajedni\u0161tvu sa na\u0161im \u017eupnikom, pre\u010d. Damirom Bobovcem, fra Dejanom Leci\u0107em, \u017eupnikom \u017dupe sv. Vida i gvardijanom kapucinskog samostana u Vara\u017edinu te umirovljenim sve\u0107enikom vl\u010d. Dragutinom Bogadijem. Podijeli na Facebook-uPodijeli","inLanguage":"hr","isPartOf":{"@id":"https:\/\/www.zupa-ubdm-biskupec.hr\/#website"},"breadcrumb":{"@id":"https:\/\/www.zupa-ubdm-biskupec.hr\/?p=20413#breadcrumblist"},"author":{"@id":"https:\/\/www.zupa-ubdm-biskupec.hr\/?author=1#author"},"creator":{"@id":"https:\/\/www.zupa-ubdm-biskupec.hr\/?author=1#author"},"image":{"@type":"ImageObject","url":"https:\/\/www.zupa-ubdm-biskupec.hr\/wp-content\/uploads\/2026\/01\/klanjanje_biskupec_26012026_001-1.jpg","@id":"https:\/\/www.zupa-ubdm-biskupec.hr\/?p=20413\/#mainImage","width":2000,"height":1333},"primaryImageOfPage":{"@id":"https:\/\/www.zupa-ubdm-biskupec.hr\/?p=20413#mainImage"},"datePublished":"2026-01-26T21:49:53+01:00","dateModified":"2026-01-27T08:10:16+01:00"},{"@type":"WebSite","@id":"https:\/\/www.zupa-ubdm-biskupec.hr\/#website","url":"https:\/\/www.zupa-ubdm-biskupec.hr\/","description":"\u017dupa Uznesenja BDM Bi\u0161kupec","inLanguage":"hr","publisher":{"@id":"https:\/\/www.zupa-ubdm-biskupec.hr\/#organization"}}]},"og:locale":"hr_HR","og:site_name":"- \u017dupa Uznesenja BDM Bi\u0161kupec","og:type":"article","og:title":"FOTOGRAFIJE GODI\u0160NJE \u017dUPNO KLANJANJE 2026. -","og:description":"::: VIJESTI ::: \u00b7 Ovogodi\u0161nje misno slavlje predvodio je pre\u010d. Damjan Koren, kanonik prepo\u0161t Zbornog kaptola, predstojnik Katehetskog ureda i ravnatelj Duhovnog centra na Veternici u zajedni\u0161tvu sa na\u0161im \u017eupnikom, pre\u010d. Damirom Bobovcem, fra Dejanom Leci\u0107em, \u017eupnikom \u017dupe sv. Vida i gvardijanom kapucinskog samostana u Vara\u017edinu te umirovljenim sve\u0107enikom vl\u010d. Dragutinom Bogadijem. Podijeli na Facebook-uPodijeli","og:url":"https:\/\/www.zupa-ubdm-biskupec.hr\/?p=20413","article:published_time":"2026-01-26T20:49:53+00:00","article:modified_time":"2026-01-27T07:10:16+00:00","twitter:card":"summary_large_image","twitter:title":"FOTOGRAFIJE GODI\u0160NJE \u017dUPNO KLANJANJE 2026. -","twitter:description":"::: VIJESTI ::: \u00b7 Ovogodi\u0161nje misno slavlje predvodio je pre\u010d. Damjan Koren, kanonik prepo\u0161t Zbornog kaptola, predstojnik Katehetskog ureda i ravnatelj Duhovnog centra na Veternici u zajedni\u0161tvu sa na\u0161im \u017eupnikom, pre\u010d. Damirom Bobovcem, fra Dejanom Leci\u0107em, \u017eupnikom \u017dupe sv. Vida i gvardijanom kapucinskog samostana u Vara\u017edinu te umirovljenim sve\u0107enikom vl\u010d. Dragutinom Bogadijem. Podijeli na Facebook-uPodijeli"},"aioseo_meta_data":{"post_id":"20413","title":null,"description":null,"keywords":null,"keyphrases":{"focus":{"keyphrase":"","score":0,"analysis":{"keyphraseInTitle":{"score":0,"maxScore":9,"error":1}}},"additional":[]},"primary_term":null,"canonical_url":null,"og_title":null,"og_description":null,"og_object_type":"default","og_image_type":"default","og_image_url":null,"og_image_width":null,"og_image_height":null,"og_image_custom_url":null,"og_image_custom_fields":null,"og_video":"","og_custom_url":null,"og_article_section":null,"og_article_tags":null,"twitter_use_og":false,"twitter_card":"default","twitter_image_type":"default","twitter_image_url":null,"twitter_image_custom_url":null,"twitter_image_custom_fields":null,"twitter_title":null,"twitter_description":null,"schema":{"blockGraphs":[],"customGraphs":[],"default":{"data":{"Article":[],"Course":[],"Dataset":[],"FAQPage":[],"Movie":[],"Person":[],"Product":[],"ProductReview":[],"Car":[],"Recipe":[],"Service":[],"SoftwareApplication":[],"WebPage":[]},"graphName":"BlogPosting","isEnabled":true},"graphs":[]},"schema_type":"default","schema_type_options":null,"pillar_content":false,"robots_default":true,"robots_noindex":false,"robots_noarchive":false,"robots_nosnippet":false,"robots_nofollow":false,"robots_noimageindex":false,"robots_noodp":false,"robots_notranslate":false,"robots_max_snippet":"-1","robots_max_videopreview":"-1","robots_max_imagepreview":"large","priority":null,"frequency":"default","local_seo":null,"breadcrumb_settings":null,"limit_modified_date":false,"ai":{"faqs":[],"keyPoints":[],"titles":[],"descriptions":[],"socialPosts":{"email":[],"linkedin":[],"twitter":[],"facebook":[],"instagram":[]}},"created":"2026-01-27 06:51:16","updated":"2026-01-27 07:19:49","seo_analyzer_scan_date":null},"aioseo_breadcrumb":"<div class=\"aioseo-breadcrumbs\"><span class=\"aioseo-breadcrumb\">\n\t\t\t<a href=\"https:\/\/www.zupa-ubdm-biskupec.hr\" title=\"Home\">Home<\/a>\n\t\t<\/span><span class=\"aioseo-breadcrumb-separator\">&raquo;<\/span><span class=\"aioseo-breadcrumb\">\n\t\t\t<a href=\"https:\/\/www.zupa-ubdm-biskupec.hr\/?cat=1\" title=\"Novosti iz \u017eupe\">Novosti iz \u017eupe<\/a>\n\t\t<\/span><span class=\"aioseo-breadcrumb-separator\">&raquo;<\/span><span class=\"aioseo-breadcrumb\">\n\t\t\tFOTOGRAFIJE GODI\u0160NJE \u017dUPNO KLANJANJE 2026.\n\t\t<\/span><\/div>","aioseo_breadcrumb_json":[{"label":"Home","link":"https:\/\/www.zupa-ubdm-biskupec.hr"},{"label":"Novosti iz \u017eupe","link":"https:\/\/www.zupa-ubdm-biskupec.hr\/?cat=1"},{"label":"FOTOGRAFIJE GODI\u0160NJE \u017dUPNO KLANJANJE 2026.","link":"https:\/\/www.zupa-ubdm-biskupec.hr\/?p=20413"}],"_links":{"self":[{"href":"https:\/\/www.zupa-ubdm-biskupec.hr\/index.php?rest_route=\/wp\/v2\/posts\/20413","targetHints":{"allow":["GET"]}}],"collection":[{"href":"https:\/\/www.zupa-ubdm-biskupec.hr\/index.php?rest_route=\/wp\/v2\/posts"}],"about":[{"href":"https:\/\/www.zupa-ubdm-biskupec.hr\/index.php?rest_route=\/wp\/v2\/types\/post"}],"author":[{"embeddable":true,"href":"https:\/\/www.zupa-ubdm-biskupec.hr\/index.php?rest_route=\/wp\/v2\/users\/1"}],"replies":[{"embeddable":true,"href":"https:\/\/www.zupa-ubdm-biskupec.hr\/index.php?rest_route=%2Fwp%2Fv2%2Fcomments&post=20413"}],"version-history":[{"count":10,"href":"https:\/\/www.zupa-ubdm-biskupec.hr\/index.php?rest_route=\/wp\/v2\/posts\/20413\/revisions"}],"predecessor-version":[{"id":20424,"href":"https:\/\/www.zupa-ubdm-biskupec.hr\/index.php?rest_route=\/wp\/v2\/posts\/20413\/revisions\/20424"}],"wp:featuredmedia":[{"embeddable":true,"href":"https:\/\/www.zupa-ubdm-biskupec.hr\/index.php?rest_route=\/wp\/v2\/media\/20421"}],"wp:attachment":[{"href":"https:\/\/www.zupa-ubdm-biskupec.hr\/index.php?rest_route=%2Fwp%2Fv2%2Fmedia&parent=20413"}],"wp:term":[{"taxonomy":"category","embeddable":true,"href":"https:\/\/www.zupa-ubdm-biskupec.hr\/index.php?rest_route=%2Fwp%2Fv2%2Fcategories&post=20413"},{"taxonomy":"post_tag","embeddable":true,"href":"https:\/\/www.zupa-ubdm-biskupec.hr\/index.php?rest_route=%2Fwp%2Fv2%2Ftags&post=20413"}],"curies":[{"name":"wp","href":"https:\/\/api.w.org\/{rel}","templated":true}]}}