


{"id":1921,"date":"2016-09-05T07:40:50","date_gmt":"2016-09-05T05:40:50","guid":{"rendered":"http:\/\/www.zupa-ubdm-biskupec.hr\/?p=1921"},"modified":"2024-01-03T09:25:22","modified_gmt":"2024-01-03T08:25:22","slug":"raspored-misa","status":"publish","type":"post","link":"https:\/\/www.zupa-ubdm-biskupec.hr\/?p=1921","title":{"rendered":"RASPORED MISA"},"content":{"rendered":"<p><a href=\"https:\/\/www.zupa-ubdm-biskupec.hr\/wp-content\/uploads\/2016\/09\/ihs.jpg\"><img decoding=\"async\" class=\"alignleft wp-image-1922 size-full\" src=\"https:\/\/www.zupa-ubdm-biskupec.hr\/wp-content\/uploads\/2016\/09\/ihs.jpg\" alt=\"ihs\" width=\"200\" height=\"200\" srcset=\"https:\/\/www.zupa-ubdm-biskupec.hr\/wp-content\/uploads\/2016\/09\/ihs.jpg 200w, https:\/\/www.zupa-ubdm-biskupec.hr\/wp-content\/uploads\/2016\/09\/ihs-150x150.jpg 150w\" sizes=\"(max-width: 200px) 100vw, 200px\" \/><\/a>Od idu\u0107e nedjelje, 11. rujna, vra\u0107amo se na <strong>stari raspored nedjeljnih sv. Misa<\/strong>. Rana \u017eupna sveta Misa bit \u0107e u <strong>7:30<\/strong> sati, sada\u0161nja podnevna sveta Misa bit \u0107e u <strong>9:30<\/strong> sati, a\u00b8 dje\u010dja sveta Misa bit \u0107e u <strong>11:00<\/strong> sati. Ovakav raspored svetih Misa bit \u0107e za vrijeme trajanja \u0161kolske godine.<\/p>\n","protected":false},"excerpt":{"rendered":"<p>Od idu\u0107e nedjelje, 11. rujna, vra\u0107amo se na stari raspored nedjeljnih sv. Misa. Rana \u017eupna sveta Misa bit \u0107e [&hellip;]<\/p>\n","protected":false},"author":1,"featured_media":0,"comment_status":"closed","ping_status":"closed","sticky":false,"template":"elementor_header_footer","format":"standard","meta":{"footnotes":""},"categories":[1],"tags":[],"class_list":["post-1921","post","type-post","status-publish","format-standard","hentry","category-novosti-iz-zupe"],"aioseo_notices":[],"_links":{"self":[{"href":"https:\/\/www.zupa-ubdm-biskupec.hr\/index.php?rest_route=\/wp\/v2\/posts\/1921","targetHints":{"allow":["GET"]}}],"collection":[{"href":"https:\/\/www.zupa-ubdm-biskupec.hr\/index.php?rest_route=\/wp\/v2\/posts"}],"about":[{"href":"https:\/\/www.zupa-ubdm-biskupec.hr\/index.php?rest_route=\/wp\/v2\/types\/post"}],"author":[{"embeddable":true,"href":"https:\/\/www.zupa-ubdm-biskupec.hr\/index.php?rest_route=\/wp\/v2\/users\/1"}],"replies":[{"embeddable":true,"href":"https:\/\/www.zupa-ubdm-biskupec.hr\/index.php?rest_route=%2Fwp%2Fv2%2Fcomments&post=1921"}],"version-history":[{"count":3,"href":"https:\/\/www.zupa-ubdm-biskupec.hr\/index.php?rest_route=\/wp\/v2\/posts\/1921\/revisions"}],"predecessor-version":[{"id":1925,"href":"https:\/\/www.zupa-ubdm-biskupec.hr\/index.php?rest_route=\/wp\/v2\/posts\/1921\/revisions\/1925"}],"wp:attachment":[{"href":"https:\/\/www.zupa-ubdm-biskupec.hr\/index.php?rest_route=%2Fwp%2Fv2%2Fmedia&parent=1921"}],"wp:term":[{"taxonomy":"category","embeddable":true,"href":"https:\/\/www.zupa-ubdm-biskupec.hr\/index.php?rest_route=%2Fwp%2Fv2%2Fcategories&post=1921"},{"taxonomy":"post_tag","embeddable":true,"href":"https:\/\/www.zupa-ubdm-biskupec.hr\/index.php?rest_route=%2Fwp%2Fv2%2Ftags&post=1921"}],"curies":[{"name":"wp","href":"https:\/\/api.w.org\/{rel}","templated":true}]}}