


{"id":1919,"date":"2016-09-01T08:19:44","date_gmt":"2016-09-01T06:19:44","guid":{"rendered":"http:\/\/www.zupa-ubdm-biskupec.hr\/?p=1919"},"modified":"2024-01-03T09:25:22","modified_gmt":"2024-01-03T08:25:22","slug":"sv-marko-krizevcanin","status":"publish","type":"post","link":"https:\/\/www.zupa-ubdm-biskupec.hr\/?p=1919","title":{"rendered":"SV. MARKO KRI\u017dEV\u010cANIN"},"content":{"rendered":"<p><img decoding=\"async\" class=\"alignleft\" src=\"http:\/\/www.biskupija-varazdinska.hr\/UserDocsImages\/images\/BISKUPIJA\/SvMarko.png\" alt=\"\" width=\"147\" height=\"238\" \/>U srijedu 7. rujna, je blagdan sv. Marka Kri\u017eev\u010danina, za\u0161titnika na\u0161e biskupije. Sve\u010dana proslava na\u0161ega nebeskoga za\u0161titnika bit \u0107e u katedrali u 18:00 sati.<\/p>\n","protected":false},"excerpt":{"rendered":"<p>U srijedu 7. rujna, je blagdan sv. Marka Kri\u017eev\u010danina, za\u0161titnika na\u0161e biskupije. Sve\u010dana proslava na\u0161ega nebeskoga za\u0161titnika bit \u0107e [&hellip;]<\/p>\n","protected":false},"author":1,"featured_media":0,"comment_status":"closed","ping_status":"closed","sticky":false,"template":"elementor_header_footer","format":"standard","meta":{"footnotes":""},"categories":[8],"tags":[],"class_list":["post-1919","post","type-post","status-publish","format-standard","hentry","category-novosti-iz-biskupije"],"aioseo_notices":[],"_links":{"self":[{"href":"https:\/\/www.zupa-ubdm-biskupec.hr\/index.php?rest_route=\/wp\/v2\/posts\/1919","targetHints":{"allow":["GET"]}}],"collection":[{"href":"https:\/\/www.zupa-ubdm-biskupec.hr\/index.php?rest_route=\/wp\/v2\/posts"}],"about":[{"href":"https:\/\/www.zupa-ubdm-biskupec.hr\/index.php?rest_route=\/wp\/v2\/types\/post"}],"author":[{"embeddable":true,"href":"https:\/\/www.zupa-ubdm-biskupec.hr\/index.php?rest_route=\/wp\/v2\/users\/1"}],"replies":[{"embeddable":true,"href":"https:\/\/www.zupa-ubdm-biskupec.hr\/index.php?rest_route=%2Fwp%2Fv2%2Fcomments&post=1919"}],"version-history":[{"count":1,"href":"https:\/\/www.zupa-ubdm-biskupec.hr\/index.php?rest_route=\/wp\/v2\/posts\/1919\/revisions"}],"predecessor-version":[{"id":1920,"href":"https:\/\/www.zupa-ubdm-biskupec.hr\/index.php?rest_route=\/wp\/v2\/posts\/1919\/revisions\/1920"}],"wp:attachment":[{"href":"https:\/\/www.zupa-ubdm-biskupec.hr\/index.php?rest_route=%2Fwp%2Fv2%2Fmedia&parent=1919"}],"wp:term":[{"taxonomy":"category","embeddable":true,"href":"https:\/\/www.zupa-ubdm-biskupec.hr\/index.php?rest_route=%2Fwp%2Fv2%2Fcategories&post=1919"},{"taxonomy":"post_tag","embeddable":true,"href":"https:\/\/www.zupa-ubdm-biskupec.hr\/index.php?rest_route=%2Fwp%2Fv2%2Ftags&post=1919"}],"curies":[{"name":"wp","href":"https:\/\/api.w.org\/{rel}","templated":true}]}}