


{"id":1845,"date":"2016-06-28T20:58:25","date_gmt":"2016-06-28T18:58:25","guid":{"rendered":"http:\/\/www.zupa-ubdm-biskupec.hr\/?p=1845"},"modified":"2024-01-03T09:25:24","modified_gmt":"2024-01-03T08:25:24","slug":"umro-prec-ivan-rakaric","status":"publish","type":"post","link":"https:\/\/www.zupa-ubdm-biskupec.hr\/?p=1845","title":{"rendered":"UMRO PRE\u010c. IVAN RAKARI\u0106"},"content":{"rendered":"<h4><a href=\"https:\/\/www.zupa-ubdm-biskupec.hr\/wp-content\/uploads\/2016\/06\/prec_ivan_rakaric_.jpg\"><img fetchpriority=\"high\" decoding=\"async\" class=\"size-medium wp-image-1846 alignleft\" src=\"https:\/\/www.zupa-ubdm-biskupec.hr\/wp-content\/uploads\/2016\/06\/prec_ivan_rakaric_-200x300.jpg\" alt=\"prec_ivan_rakaric_\" width=\"200\" height=\"300\" srcset=\"https:\/\/www.zupa-ubdm-biskupec.hr\/wp-content\/uploads\/2016\/06\/prec_ivan_rakaric_-200x300.jpg 200w, https:\/\/www.zupa-ubdm-biskupec.hr\/wp-content\/uploads\/2016\/06\/prec_ivan_rakaric_.jpg 533w\" sizes=\"(max-width: 200px) 100vw, 200px\" \/><\/a>Dragi \u017eupljani, vjernici i prijatelji!<\/h4>\n<h4>Sa \u017ealo\u0161\u0107u vam javljamo da je <strong>preminuo na\u0161 biv\u0161i \u017eupnik, pre\u010d. Ivan Rakari\u0107.<\/strong><\/h4>\n<h4>Sveta misa biti \u0107e u petak u 15 sati u crkvi u Bi\u0161kupcu. Nakon mise procesija od crkve prema groblju u Bi\u0161kupcu gdje \u0107e zapo\u010deti sprovod.Lijes s tijelom pokojnog pre\u010d. Rakari\u0107a biti \u0107e izlo\u017een u crkvi UBDM istoga dana od 12 sati.<\/h4>\n<h4>Po\u010divao u miru i neka na\u0161e molitve budu s Njime i Njegovim najbli\u017eima.<\/h4>\n","protected":false},"excerpt":{"rendered":"<p>Dragi \u017eupljani, vjernici i prijatelji! Sa \u017ealo\u0161\u0107u vam javljamo da je preminuo na\u0161 biv\u0161i \u017eupnik, pre\u010d. Ivan Rakari\u0107. Sveta [&hellip;]<\/p>\n","protected":false},"author":1,"featured_media":0,"comment_status":"closed","ping_status":"closed","sticky":false,"template":"elementor_header_footer","format":"standard","meta":{"footnotes":""},"categories":[1],"tags":[],"class_list":["post-1845","post","type-post","status-publish","format-standard","hentry","category-novosti-iz-zupe"],"aioseo_notices":[],"_links":{"self":[{"href":"https:\/\/www.zupa-ubdm-biskupec.hr\/index.php?rest_route=\/wp\/v2\/posts\/1845","targetHints":{"allow":["GET"]}}],"collection":[{"href":"https:\/\/www.zupa-ubdm-biskupec.hr\/index.php?rest_route=\/wp\/v2\/posts"}],"about":[{"href":"https:\/\/www.zupa-ubdm-biskupec.hr\/index.php?rest_route=\/wp\/v2\/types\/post"}],"author":[{"embeddable":true,"href":"https:\/\/www.zupa-ubdm-biskupec.hr\/index.php?rest_route=\/wp\/v2\/users\/1"}],"replies":[{"embeddable":true,"href":"https:\/\/www.zupa-ubdm-biskupec.hr\/index.php?rest_route=%2Fwp%2Fv2%2Fcomments&post=1845"}],"version-history":[{"count":8,"href":"https:\/\/www.zupa-ubdm-biskupec.hr\/index.php?rest_route=\/wp\/v2\/posts\/1845\/revisions"}],"predecessor-version":[{"id":1856,"href":"https:\/\/www.zupa-ubdm-biskupec.hr\/index.php?rest_route=\/wp\/v2\/posts\/1845\/revisions\/1856"}],"wp:attachment":[{"href":"https:\/\/www.zupa-ubdm-biskupec.hr\/index.php?rest_route=%2Fwp%2Fv2%2Fmedia&parent=1845"}],"wp:term":[{"taxonomy":"category","embeddable":true,"href":"https:\/\/www.zupa-ubdm-biskupec.hr\/index.php?rest_route=%2Fwp%2Fv2%2Fcategories&post=1845"},{"taxonomy":"post_tag","embeddable":true,"href":"https:\/\/www.zupa-ubdm-biskupec.hr\/index.php?rest_route=%2Fwp%2Fv2%2Ftags&post=1845"}],"curies":[{"name":"wp","href":"https:\/\/api.w.org\/{rel}","templated":true}]}}