


{"id":1819,"date":"2016-05-19T16:49:40","date_gmt":"2016-05-19T14:49:40","guid":{"rendered":"http:\/\/www.zupa-ubdm-biskupec.hr\/?p=1819"},"modified":"2024-01-03T09:25:26","modified_gmt":"2024-01-03T08:25:26","slug":"tijelovska-procesija-za-vjernike-grada","status":"publish","type":"post","link":"https:\/\/www.zupa-ubdm-biskupec.hr\/?p=1819","title":{"rendered":"TIJELOVSKA PROCESIJA ZA VJERNIKE GRADA"},"content":{"rendered":"<p>Kao i svake godine, sredi\u0161nje misno slavelje povodom svetkovine Tijelova i tijelovska procesija za vjernike grada Vara\u017edina, bit \u0107e u katedrali s po\u010detkom u 10 sati. Sv. misu predvodit \u0107e vara\u017edinski biskup mons. Josip Mrzljak.<\/p>\n<p><img fetchpriority=\"high\" decoding=\"async\" class=\"aligncenter\" src=\"http:\/\/www.biskupija-varazdinska.hr\/userdocsimages\/\/images\/SLIKE_2015\/VIJESTI_IZ_BISKUPIJE\/Tijelovo_04062015\/Tijelovo-2015-8.jpg\" alt=\"www.biskupija-varazdinska.hr\" width=\"800\" height=\"533\" \/><\/p>\n","protected":false},"excerpt":{"rendered":"<p>Kao i svake godine, sredi\u0161nje misno slavelje povodom svetkovine Tijelova i tijelovska procesija za vjernike grada Vara\u017edina, bit \u0107e [&hellip;]<\/p>\n","protected":false},"author":1,"featured_media":0,"comment_status":"closed","ping_status":"closed","sticky":false,"template":"elementor_header_footer","format":"standard","meta":{"footnotes":""},"categories":[8],"tags":[],"class_list":["post-1819","post","type-post","status-publish","format-standard","hentry","category-novosti-iz-biskupije"],"aioseo_notices":[],"_links":{"self":[{"href":"https:\/\/www.zupa-ubdm-biskupec.hr\/index.php?rest_route=\/wp\/v2\/posts\/1819","targetHints":{"allow":["GET"]}}],"collection":[{"href":"https:\/\/www.zupa-ubdm-biskupec.hr\/index.php?rest_route=\/wp\/v2\/posts"}],"about":[{"href":"https:\/\/www.zupa-ubdm-biskupec.hr\/index.php?rest_route=\/wp\/v2\/types\/post"}],"author":[{"embeddable":true,"href":"https:\/\/www.zupa-ubdm-biskupec.hr\/index.php?rest_route=\/wp\/v2\/users\/1"}],"replies":[{"embeddable":true,"href":"https:\/\/www.zupa-ubdm-biskupec.hr\/index.php?rest_route=%2Fwp%2Fv2%2Fcomments&post=1819"}],"version-history":[{"count":4,"href":"https:\/\/www.zupa-ubdm-biskupec.hr\/index.php?rest_route=\/wp\/v2\/posts\/1819\/revisions"}],"predecessor-version":[{"id":1823,"href":"https:\/\/www.zupa-ubdm-biskupec.hr\/index.php?rest_route=\/wp\/v2\/posts\/1819\/revisions\/1823"}],"wp:attachment":[{"href":"https:\/\/www.zupa-ubdm-biskupec.hr\/index.php?rest_route=%2Fwp%2Fv2%2Fmedia&parent=1819"}],"wp:term":[{"taxonomy":"category","embeddable":true,"href":"https:\/\/www.zupa-ubdm-biskupec.hr\/index.php?rest_route=%2Fwp%2Fv2%2Fcategories&post=1819"},{"taxonomy":"post_tag","embeddable":true,"href":"https:\/\/www.zupa-ubdm-biskupec.hr\/index.php?rest_route=%2Fwp%2Fv2%2Ftags&post=1819"}],"curies":[{"name":"wp","href":"https:\/\/api.w.org\/{rel}","templated":true}]}}