


{"id":1782,"date":"2016-03-30T14:41:19","date_gmt":"2016-03-30T12:41:19","guid":{"rendered":"http:\/\/www.zupa-ubdm-biskupec.hr\/?p=1782"},"modified":"2024-01-03T09:25:30","modified_gmt":"2024-01-03T08:25:30","slug":"film-o-hrvatskim-misionarkama-u-ekvadoru","status":"publish","type":"post","link":"https:\/\/www.zupa-ubdm-biskupec.hr\/?p=1782","title":{"rendered":"FILM O HRVATSKIM MISIONARKAMA U EKVADORU"},"content":{"rendered":"<div class=\"itemFullText\">\n<p><strong>Nacionalna uprava papinskih misijskih djela<\/strong> i <strong>Ured za pastoral u medijima Vara\u017edinske biskupije<\/strong> organizatori su projekcije filma<strong> \u201cMadrecitas &#8211; Slu\u017ebenice Milosr\u0111a, misionarke u Ekvadoru\u201c<\/strong> redatelja dr. sc. <strong>Krunoslava Novaka<\/strong>, sve\u0107enika Vara\u017edinske biskupije. Projekcija \u0107e biti 1. travnja s po\u010detkom u 19 sati u dvorani biskupijskog Pastoralnog centra u Vara\u017edinu, Zagreba\u010dka 3.<\/p>\n<p>Film je to koji na zanimljiv na\u010din prikazuje \u017eivot triju hrvatskih misionarki u Ekvadoru, i prvi je dokumentarac o hrvatskim misionarima u Ju\u017enoj Americi. Pomalo je \u0161okantan zbog odre\u0111enih te\u0161kih situacija i iskustava koje prenosi gledatelju, no istovremeno ukazuje na to da Ekvador kao dr\u017eava ima velike potencijale i mogu\u0107nosti.<\/p>\n<p>Na promociji \u0107e ukratko o filmu progovoriti odgovorni urednik vl\u010d. Antun \u0160tefan, redatelj dr. sc. Krunoslav Novak te vara\u017edinski biskup mons. <strong>Josip Mrzljak<\/strong>.<\/p>\n<\/div>\n","protected":false},"excerpt":{"rendered":"<p>Nacionalna uprava papinskih misijskih djela i Ured za pastoral u medijima Vara\u017edinske biskupije organizatori su projekcije filma \u201cMadrecitas &#8211; [&hellip;]<\/p>\n","protected":false},"author":1,"featured_media":1786,"comment_status":"closed","ping_status":"closed","sticky":false,"template":"elementor_header_footer","format":"standard","meta":{"footnotes":""},"categories":[8],"tags":[],"class_list":["post-1782","post","type-post","status-publish","format-standard","has-post-thumbnail","hentry","category-novosti-iz-biskupije"],"aioseo_notices":[],"_links":{"self":[{"href":"https:\/\/www.zupa-ubdm-biskupec.hr\/index.php?rest_route=\/wp\/v2\/posts\/1782","targetHints":{"allow":["GET"]}}],"collection":[{"href":"https:\/\/www.zupa-ubdm-biskupec.hr\/index.php?rest_route=\/wp\/v2\/posts"}],"about":[{"href":"https:\/\/www.zupa-ubdm-biskupec.hr\/index.php?rest_route=\/wp\/v2\/types\/post"}],"author":[{"embeddable":true,"href":"https:\/\/www.zupa-ubdm-biskupec.hr\/index.php?rest_route=\/wp\/v2\/users\/1"}],"replies":[{"embeddable":true,"href":"https:\/\/www.zupa-ubdm-biskupec.hr\/index.php?rest_route=%2Fwp%2Fv2%2Fcomments&post=1782"}],"version-history":[{"count":2,"href":"https:\/\/www.zupa-ubdm-biskupec.hr\/index.php?rest_route=\/wp\/v2\/posts\/1782\/revisions"}],"predecessor-version":[{"id":1785,"href":"https:\/\/www.zupa-ubdm-biskupec.hr\/index.php?rest_route=\/wp\/v2\/posts\/1782\/revisions\/1785"}],"wp:featuredmedia":[{"embeddable":true,"href":"https:\/\/www.zupa-ubdm-biskupec.hr\/index.php?rest_route=\/wp\/v2\/media\/1786"}],"wp:attachment":[{"href":"https:\/\/www.zupa-ubdm-biskupec.hr\/index.php?rest_route=%2Fwp%2Fv2%2Fmedia&parent=1782"}],"wp:term":[{"taxonomy":"category","embeddable":true,"href":"https:\/\/www.zupa-ubdm-biskupec.hr\/index.php?rest_route=%2Fwp%2Fv2%2Fcategories&post=1782"},{"taxonomy":"post_tag","embeddable":true,"href":"https:\/\/www.zupa-ubdm-biskupec.hr\/index.php?rest_route=%2Fwp%2Fv2%2Ftags&post=1782"}],"curies":[{"name":"wp","href":"https:\/\/api.w.org\/{rel}","templated":true}]}}