


{"id":1740,"date":"2016-02-12T21:36:54","date_gmt":"2016-02-12T20:36:54","guid":{"rendered":"http:\/\/www.zupa-ubdm-biskupec.hr\/?p=1740"},"modified":"2024-01-03T09:25:31","modified_gmt":"2024-01-03T08:25:31","slug":"p-ike-manduric-predvodi-korizmenu-duhovnu-obnovu","status":"publish","type":"post","link":"https:\/\/www.zupa-ubdm-biskupec.hr\/?p=1740","title":{"rendered":"p. Ike Manduri\u0107 predvodi korizmenu duhovnu obnovu"},"content":{"rendered":"<p><img fetchpriority=\"high\" decoding=\"async\" class=\"alignleft\" src=\"http:\/\/mladi.biskupija-varazdinska.hr\/userdocsimages\/\/Korizmena%20duhovna%20obnova%202016\/Korizma2016.jpg\" alt=\"\" width=\"269\" height=\"408\" \/>P. Ike Manduri\u0107, isusovac, predvodit \u0107e <strong>dvodnevnu korizmenu duhovnu obnovu za mlade pod nazivom &#8220;Vjerujte u Boga i u mene vjerujte.&#8221;<\/strong> (Iv 14,1)<br \/>\nDuhovna obnova biti \u0107e 19. i 20. velja\u010de u vara\u017edinskoj katedrali s po\u010detkom u 18 sati. <a href=\"http:\/\/www.biskupija-varazdinska.hr\/vaznije-najave\/p-ike-manduric-predvodi-korizmenu-duhovnu-obnovu\/15149\" target=\"_blank\" rel=\"noopener\">Op\u0161irnije&#8230;<\/a><\/p>\n","protected":false},"excerpt":{"rendered":"<p>P. Ike Manduri\u0107, isusovac, predvodit \u0107e dvodnevnu korizmenu duhovnu obnovu za mlade pod nazivom &#8220;Vjerujte u Boga i u [&hellip;]<\/p>\n","protected":false},"author":1,"featured_media":0,"comment_status":"closed","ping_status":"closed","sticky":false,"template":"elementor_header_footer","format":"standard","meta":{"footnotes":""},"categories":[8],"tags":[],"class_list":["post-1740","post","type-post","status-publish","format-standard","hentry","category-novosti-iz-biskupije"],"aioseo_notices":[],"_links":{"self":[{"href":"https:\/\/www.zupa-ubdm-biskupec.hr\/index.php?rest_route=\/wp\/v2\/posts\/1740","targetHints":{"allow":["GET"]}}],"collection":[{"href":"https:\/\/www.zupa-ubdm-biskupec.hr\/index.php?rest_route=\/wp\/v2\/posts"}],"about":[{"href":"https:\/\/www.zupa-ubdm-biskupec.hr\/index.php?rest_route=\/wp\/v2\/types\/post"}],"author":[{"embeddable":true,"href":"https:\/\/www.zupa-ubdm-biskupec.hr\/index.php?rest_route=\/wp\/v2\/users\/1"}],"replies":[{"embeddable":true,"href":"https:\/\/www.zupa-ubdm-biskupec.hr\/index.php?rest_route=%2Fwp%2Fv2%2Fcomments&post=1740"}],"version-history":[{"count":3,"href":"https:\/\/www.zupa-ubdm-biskupec.hr\/index.php?rest_route=\/wp\/v2\/posts\/1740\/revisions"}],"predecessor-version":[{"id":6618,"href":"https:\/\/www.zupa-ubdm-biskupec.hr\/index.php?rest_route=\/wp\/v2\/posts\/1740\/revisions\/6618"}],"wp:attachment":[{"href":"https:\/\/www.zupa-ubdm-biskupec.hr\/index.php?rest_route=%2Fwp%2Fv2%2Fmedia&parent=1740"}],"wp:term":[{"taxonomy":"category","embeddable":true,"href":"https:\/\/www.zupa-ubdm-biskupec.hr\/index.php?rest_route=%2Fwp%2Fv2%2Fcategories&post=1740"},{"taxonomy":"post_tag","embeddable":true,"href":"https:\/\/www.zupa-ubdm-biskupec.hr\/index.php?rest_route=%2Fwp%2Fv2%2Ftags&post=1740"}],"curies":[{"name":"wp","href":"https:\/\/api.w.org\/{rel}","templated":true}]}}