


{"id":1738,"date":"2016-02-12T21:33:33","date_gmt":"2016-02-12T20:33:33","guid":{"rendered":"http:\/\/www.zupa-ubdm-biskupec.hr\/?p=1738"},"modified":"2024-01-03T09:25:32","modified_gmt":"2024-01-03T08:25:32","slug":"zapocinju-prijave-za-16-krizni-put-mladih-varazdinske-biskupije","status":"publish","type":"post","link":"https:\/\/www.zupa-ubdm-biskupec.hr\/?p=1738","title":{"rendered":"Zapo\u010dinju prijave za 16. kri\u017eni put mladih Vara\u017edinske biskupije"},"content":{"rendered":"<p><a href=\"http:\/\/www.biskupija-varazdinska.hr\/vaznije-najave\/zapocinju-prijave-za-16-krizni-put-mladih-varazdinske-biskupije\/15151\"><img decoding=\"async\" class=\"alignleft\" src=\"http:\/\/mladi.biskupija-varazdinska.hr\/userdocsimages\/\/Slike\/PlakatKP2016_final_manja.png\" alt=\"\" width=\"256\" height=\"181\" \/><\/a><strong>16. kri\u017eni put mladih vara\u017edinske biskupije<\/strong> ve\u0107 tradicionalno biti \u0107e vikend prije Cvjetnice, 12. i 13. o\u017eujka 2016. godine! Slu\u017ebene prijave za ovogodi\u0161nji PKP mladih kre\u0107u s ponedjeljkom, 15. velja\u010de 2016. <a href=\"http:\/\/www.biskupija-varazdinska.hr\/vaznije-najave\/zapocinju-prijave-za-16-krizni-put-mladih-varazdinske-biskupije\/15151\" target=\"_blank\" rel=\"noopener\">Op\u0161irnije&#8230;<\/a><\/p>\n","protected":false},"excerpt":{"rendered":"<p>16. kri\u017eni put mladih vara\u017edinske biskupije ve\u0107 tradicionalno biti \u0107e vikend prije Cvjetnice, 12. i 13. o\u017eujka 2016. godine! [&hellip;]<\/p>\n","protected":false},"author":1,"featured_media":0,"comment_status":"closed","ping_status":"closed","sticky":false,"template":"elementor_header_footer","format":"standard","meta":{"footnotes":""},"categories":[8],"tags":[],"class_list":["post-1738","post","type-post","status-publish","format-standard","hentry","category-novosti-iz-biskupije"],"aioseo_notices":[],"_links":{"self":[{"href":"https:\/\/www.zupa-ubdm-biskupec.hr\/index.php?rest_route=\/wp\/v2\/posts\/1738","targetHints":{"allow":["GET"]}}],"collection":[{"href":"https:\/\/www.zupa-ubdm-biskupec.hr\/index.php?rest_route=\/wp\/v2\/posts"}],"about":[{"href":"https:\/\/www.zupa-ubdm-biskupec.hr\/index.php?rest_route=\/wp\/v2\/types\/post"}],"author":[{"embeddable":true,"href":"https:\/\/www.zupa-ubdm-biskupec.hr\/index.php?rest_route=\/wp\/v2\/users\/1"}],"replies":[{"embeddable":true,"href":"https:\/\/www.zupa-ubdm-biskupec.hr\/index.php?rest_route=%2Fwp%2Fv2%2Fcomments&post=1738"}],"version-history":[{"count":2,"href":"https:\/\/www.zupa-ubdm-biskupec.hr\/index.php?rest_route=\/wp\/v2\/posts\/1738\/revisions"}],"predecessor-version":[{"id":6619,"href":"https:\/\/www.zupa-ubdm-biskupec.hr\/index.php?rest_route=\/wp\/v2\/posts\/1738\/revisions\/6619"}],"wp:attachment":[{"href":"https:\/\/www.zupa-ubdm-biskupec.hr\/index.php?rest_route=%2Fwp%2Fv2%2Fmedia&parent=1738"}],"wp:term":[{"taxonomy":"category","embeddable":true,"href":"https:\/\/www.zupa-ubdm-biskupec.hr\/index.php?rest_route=%2Fwp%2Fv2%2Fcategories&post=1738"},{"taxonomy":"post_tag","embeddable":true,"href":"https:\/\/www.zupa-ubdm-biskupec.hr\/index.php?rest_route=%2Fwp%2Fv2%2Ftags&post=1738"}],"curies":[{"name":"wp","href":"https:\/\/api.w.org\/{rel}","templated":true}]}}