


{"id":173,"date":"2013-08-19T06:56:42","date_gmt":"2013-08-19T04:56:42","guid":{"rendered":"http:\/\/www.zupa-biskupec.com\/w_p\/?p=173"},"modified":"2014-03-12T11:48:19","modified_gmt":"2014-03-12T10:48:19","slug":"rana-zupna-sv-misa","status":"publish","type":"post","link":"https:\/\/www.zupa-ubdm-biskupec.hr\/?p=173","title":{"rendered":"RANA \u017dUPNA SV MISA"},"content":{"rendered":"<p>U nedjelju, <strong>1. rujna 2013. godine bit \u0107e samo rana \u017eupna sv. Misa<\/strong> zbog proslave Svete Nedjelje u Ludbregu. Ove godine, slavi se 500 godina Bule pape Leona X. kojom je Ludbre\u0161ko sveti\u0161te slu\u017ebeno progla\u0161eno. Sredi\u0161nje misno slavlje bit \u0107e u 11 sati na prostoru sveti\u0161ta, koje predvodi msgr. Nikola Eterovi\u0107, generalni tajnik Biskupske sinode u Rimu.<\/p>\n","protected":false},"excerpt":{"rendered":"<p>U nedjelju, 1. rujna 2013. godine bit \u0107e samo rana \u017eupna sv. Misa zbog proslave Svete Nedjelje u Ludbregu. [&hellip;]<\/p>\n","protected":false},"author":1,"featured_media":0,"comment_status":"closed","ping_status":"closed","sticky":false,"template":"","format":"standard","meta":{"footnotes":""},"categories":[1],"tags":[],"class_list":["post-173","post","type-post","status-publish","format-standard","hentry","category-novosti-iz-zupe"],"aioseo_notices":[],"_links":{"self":[{"href":"https:\/\/www.zupa-ubdm-biskupec.hr\/index.php?rest_route=\/wp\/v2\/posts\/173","targetHints":{"allow":["GET"]}}],"collection":[{"href":"https:\/\/www.zupa-ubdm-biskupec.hr\/index.php?rest_route=\/wp\/v2\/posts"}],"about":[{"href":"https:\/\/www.zupa-ubdm-biskupec.hr\/index.php?rest_route=\/wp\/v2\/types\/post"}],"author":[{"embeddable":true,"href":"https:\/\/www.zupa-ubdm-biskupec.hr\/index.php?rest_route=\/wp\/v2\/users\/1"}],"replies":[{"embeddable":true,"href":"https:\/\/www.zupa-ubdm-biskupec.hr\/index.php?rest_route=%2Fwp%2Fv2%2Fcomments&post=173"}],"version-history":[{"count":1,"href":"https:\/\/www.zupa-ubdm-biskupec.hr\/index.php?rest_route=\/wp\/v2\/posts\/173\/revisions"}],"predecessor-version":[{"id":582,"href":"https:\/\/www.zupa-ubdm-biskupec.hr\/index.php?rest_route=\/wp\/v2\/posts\/173\/revisions\/582"}],"wp:attachment":[{"href":"https:\/\/www.zupa-ubdm-biskupec.hr\/index.php?rest_route=%2Fwp%2Fv2%2Fmedia&parent=173"}],"wp:term":[{"taxonomy":"category","embeddable":true,"href":"https:\/\/www.zupa-ubdm-biskupec.hr\/index.php?rest_route=%2Fwp%2Fv2%2Fcategories&post=173"},{"taxonomy":"post_tag","embeddable":true,"href":"https:\/\/www.zupa-ubdm-biskupec.hr\/index.php?rest_route=%2Fwp%2Fv2%2Ftags&post=173"}],"curies":[{"name":"wp","href":"https:\/\/api.w.org\/{rel}","templated":true}]}}