


{"id":171,"date":"2013-08-17T07:42:15","date_gmt":"2013-08-17T05:42:15","guid":{"rendered":"http:\/\/www.zupa-biskupec.com\/w_p\/?p=171"},"modified":"2014-03-29T08:58:13","modified_gmt":"2014-03-29T07:58:13","slug":"velika-gospa-2013-2","status":"publish","type":"post","link":"https:\/\/www.zupa-ubdm-biskupec.hr\/?p=171","title":{"rendered":"VELIKA GOSPA 2013"},"content":{"rendered":"<p><strong>Blagdan Velike Gospe<\/strong> u na\u0161oj \u017eupi proslavljen je u \u017eupnoj crkvi. Glavno misno slavlje  predvodio je vara\u017edinski biskup mons. <strong>Josip Mrzljak<\/strong> u  zajedni\u0161tvu sa sve\u0107enicima vara\u017edinskih i okolnih \u017eupa, crkva je bila  premala za mno\u0161tvo vjernika iz bi\u0161kupe\u010dke \u017eupe, Vara\u017edina i okolnih  mjesta koji hodo\u010daste na Veliku Gospu u Bi\u0161kupec.<\/p>\n<p>[foldergallery folder=&#8221;images\/velika_gospa_2013_web&#8221; title=&#8221;Velika Gospa 2013&#8243;]<\/p>\n","protected":false},"excerpt":{"rendered":"<p>Blagdan Velike Gospe u na\u0161oj \u017eupi proslavljen je u \u017eupnoj crkvi. Glavno misno slavlje predvodio je vara\u017edinski biskup mons. [&hellip;]<\/p>\n","protected":false},"author":1,"featured_media":0,"comment_status":"closed","ping_status":"closed","sticky":false,"template":"","format":"standard","meta":{"footnotes":""},"categories":[1],"tags":[],"class_list":["post-171","post","type-post","status-publish","format-standard","hentry","category-novosti-iz-zupe"],"aioseo_notices":[],"_links":{"self":[{"href":"https:\/\/www.zupa-ubdm-biskupec.hr\/index.php?rest_route=\/wp\/v2\/posts\/171","targetHints":{"allow":["GET"]}}],"collection":[{"href":"https:\/\/www.zupa-ubdm-biskupec.hr\/index.php?rest_route=\/wp\/v2\/posts"}],"about":[{"href":"https:\/\/www.zupa-ubdm-biskupec.hr\/index.php?rest_route=\/wp\/v2\/types\/post"}],"author":[{"embeddable":true,"href":"https:\/\/www.zupa-ubdm-biskupec.hr\/index.php?rest_route=\/wp\/v2\/users\/1"}],"replies":[{"embeddable":true,"href":"https:\/\/www.zupa-ubdm-biskupec.hr\/index.php?rest_route=%2Fwp%2Fv2%2Fcomments&post=171"}],"version-history":[{"count":2,"href":"https:\/\/www.zupa-ubdm-biskupec.hr\/index.php?rest_route=\/wp\/v2\/posts\/171\/revisions"}],"predecessor-version":[{"id":684,"href":"https:\/\/www.zupa-ubdm-biskupec.hr\/index.php?rest_route=\/wp\/v2\/posts\/171\/revisions\/684"}],"wp:attachment":[{"href":"https:\/\/www.zupa-ubdm-biskupec.hr\/index.php?rest_route=%2Fwp%2Fv2%2Fmedia&parent=171"}],"wp:term":[{"taxonomy":"category","embeddable":true,"href":"https:\/\/www.zupa-ubdm-biskupec.hr\/index.php?rest_route=%2Fwp%2Fv2%2Fcategories&post=171"},{"taxonomy":"post_tag","embeddable":true,"href":"https:\/\/www.zupa-ubdm-biskupec.hr\/index.php?rest_route=%2Fwp%2Fv2%2Ftags&post=171"}],"curies":[{"name":"wp","href":"https:\/\/api.w.org\/{rel}","templated":true}]}}