


{"id":166,"date":"2013-06-02T14:15:30","date_gmt":"2013-06-02T12:15:30","guid":{"rendered":"http:\/\/www.zupa-biskupec.com\/w_p\/?p=166"},"modified":"2014-03-12T11:48:20","modified_gmt":"2014-03-12T10:48:20","slug":"hodocasce-na-mariju-bistricu","status":"publish","type":"post","link":"https:\/\/www.zupa-ubdm-biskupec.hr\/?p=166","title":{"rendered":"HODO\u010cA\u0160\u0106E NA MARIJU BISTRICU"},"content":{"rendered":"<p><img decoding=\"async\" src=\"images\/marija_bistrica.jpg\" border=\"0\" width=\"250\" height=\"166\" style=\"border: 1px solid black;\" \/><\/p>\n<p>Ove godine, zavjetno <strong>hodo\u010da\u0161\u0107e<\/strong> grada Vara\u017edina <strong>na Mariju Bistricu<\/strong>, bit \u0107e u <strong> nedjelju 30. lipnja<\/strong>. Pje\u0161aci kre\u0107u 29. lipnja nakon sv. Mise. Kao i obi\u010dno, organizirati \u0107emo i autobus, pa molimo sve zainteresirane da se \u0161to prije jave zvonaru, u sakristiju.<\/p>\n","protected":false},"excerpt":{"rendered":"<p>Ove godine, zavjetno hodo\u010da\u0161\u0107e grada Vara\u017edina na Mariju Bistricu, bit \u0107e u nedjelju 30. lipnja. Pje\u0161aci kre\u0107u 29. lipnja [&hellip;]<\/p>\n","protected":false},"author":1,"featured_media":0,"comment_status":"closed","ping_status":"closed","sticky":false,"template":"","format":"standard","meta":{"footnotes":""},"categories":[1],"tags":[],"class_list":["post-166","post","type-post","status-publish","format-standard","hentry","category-novosti-iz-zupe"],"aioseo_notices":[],"_links":{"self":[{"href":"https:\/\/www.zupa-ubdm-biskupec.hr\/index.php?rest_route=\/wp\/v2\/posts\/166","targetHints":{"allow":["GET"]}}],"collection":[{"href":"https:\/\/www.zupa-ubdm-biskupec.hr\/index.php?rest_route=\/wp\/v2\/posts"}],"about":[{"href":"https:\/\/www.zupa-ubdm-biskupec.hr\/index.php?rest_route=\/wp\/v2\/types\/post"}],"author":[{"embeddable":true,"href":"https:\/\/www.zupa-ubdm-biskupec.hr\/index.php?rest_route=\/wp\/v2\/users\/1"}],"replies":[{"embeddable":true,"href":"https:\/\/www.zupa-ubdm-biskupec.hr\/index.php?rest_route=%2Fwp%2Fv2%2Fcomments&post=166"}],"version-history":[{"count":1,"href":"https:\/\/www.zupa-ubdm-biskupec.hr\/index.php?rest_route=\/wp\/v2\/posts\/166\/revisions"}],"predecessor-version":[{"id":522,"href":"https:\/\/www.zupa-ubdm-biskupec.hr\/index.php?rest_route=\/wp\/v2\/posts\/166\/revisions\/522"}],"wp:attachment":[{"href":"https:\/\/www.zupa-ubdm-biskupec.hr\/index.php?rest_route=%2Fwp%2Fv2%2Fmedia&parent=166"}],"wp:term":[{"taxonomy":"category","embeddable":true,"href":"https:\/\/www.zupa-ubdm-biskupec.hr\/index.php?rest_route=%2Fwp%2Fv2%2Fcategories&post=166"},{"taxonomy":"post_tag","embeddable":true,"href":"https:\/\/www.zupa-ubdm-biskupec.hr\/index.php?rest_route=%2Fwp%2Fv2%2Ftags&post=166"}],"curies":[{"name":"wp","href":"https:\/\/api.w.org\/{rel}","templated":true}]}}