


{"id":165,"date":"2013-05-24T09:18:02","date_gmt":"2013-05-24T07:18:02","guid":{"rendered":"http:\/\/www.zupa-biskupec.com\/w_p\/?p=165"},"modified":"2014-03-12T11:48:20","modified_gmt":"2014-03-12T10:48:20","slug":"proslava-tijelova","status":"publish","type":"post","link":"https:\/\/www.zupa-ubdm-biskupec.hr\/?p=165","title":{"rendered":"PROSLAVA TIJELOVA"},"content":{"rendered":"<p><img decoding=\"async\" src=\"\/images\/tijelovo.jpg\" border=\"0\" width=\"200\" height=\"150\" style=\"border: 1px solid black;\" \/><\/p>\n<p>Sredi\u0161nja <a href=\"http:\/\/www.biskupija-varazdinska.hr\/index.php?option=com_morfeoshow&#038;task=view&#038;gallery=493&#038;Itemid=95\"><strong>proslava Tijelova<\/strong><\/a> za \u017eupe grada Vara\u017edina, bit \u0107e u \u010detvrtak, <strong>30. svibnja u 10 sati u katedrali<\/strong>, nakon \u010dega \u0107e biti sve\u010dana <strong>procesija ulicama grada <\/strong>Vara\u017edina.<\/p>\n","protected":false},"excerpt":{"rendered":"<p>Sredi\u0161nja proslava Tijelova za \u017eupe grada Vara\u017edina, bit \u0107e u \u010detvrtak, 30. svibnja u 10 sati u katedrali, nakon [&hellip;]<\/p>\n","protected":false},"author":1,"featured_media":0,"comment_status":"closed","ping_status":"closed","sticky":false,"template":"","format":"standard","meta":{"footnotes":""},"categories":[1],"tags":[],"class_list":["post-165","post","type-post","status-publish","format-standard","hentry","category-novosti-iz-zupe"],"aioseo_notices":[],"_links":{"self":[{"href":"https:\/\/www.zupa-ubdm-biskupec.hr\/index.php?rest_route=\/wp\/v2\/posts\/165","targetHints":{"allow":["GET"]}}],"collection":[{"href":"https:\/\/www.zupa-ubdm-biskupec.hr\/index.php?rest_route=\/wp\/v2\/posts"}],"about":[{"href":"https:\/\/www.zupa-ubdm-biskupec.hr\/index.php?rest_route=\/wp\/v2\/types\/post"}],"author":[{"embeddable":true,"href":"https:\/\/www.zupa-ubdm-biskupec.hr\/index.php?rest_route=\/wp\/v2\/users\/1"}],"replies":[{"embeddable":true,"href":"https:\/\/www.zupa-ubdm-biskupec.hr\/index.php?rest_route=%2Fwp%2Fv2%2Fcomments&post=165"}],"version-history":[{"count":1,"href":"https:\/\/www.zupa-ubdm-biskupec.hr\/index.php?rest_route=\/wp\/v2\/posts\/165\/revisions"}],"predecessor-version":[{"id":523,"href":"https:\/\/www.zupa-ubdm-biskupec.hr\/index.php?rest_route=\/wp\/v2\/posts\/165\/revisions\/523"}],"wp:attachment":[{"href":"https:\/\/www.zupa-ubdm-biskupec.hr\/index.php?rest_route=%2Fwp%2Fv2%2Fmedia&parent=165"}],"wp:term":[{"taxonomy":"category","embeddable":true,"href":"https:\/\/www.zupa-ubdm-biskupec.hr\/index.php?rest_route=%2Fwp%2Fv2%2Fcategories&post=165"},{"taxonomy":"post_tag","embeddable":true,"href":"https:\/\/www.zupa-ubdm-biskupec.hr\/index.php?rest_route=%2Fwp%2Fv2%2Ftags&post=165"}],"curies":[{"name":"wp","href":"https:\/\/api.w.org\/{rel}","templated":true}]}}