


{"id":155,"date":"2013-04-15T08:16:59","date_gmt":"2013-04-15T06:16:59","guid":{"rendered":"http:\/\/www.zupa-biskupec.com\/w_p\/?p=155"},"modified":"2014-03-12T11:48:21","modified_gmt":"2014-03-12T10:48:21","slug":"susret-s-mons-godinom","status":"publish","type":"post","link":"https:\/\/www.zupa-ubdm-biskupec.hr\/?p=155","title":{"rendered":"SUSRET S MONS. GODINOM"},"content":{"rendered":"<p>U utorak, <strong>16. travnja za vrijeme ve\u010dernje sv. Mise<\/strong>, na\u0161i <strong>budu\u0107i krizmanici imat \u0107e susret s djeliteljem krizme, mons. Ivanom Godinom<\/strong>. Na susret su obavezni do\u0107i roditelji i budu\u0107i kumovi, naravno oni koji nisu opravdano sprije\u010deni.<\/p>\n","protected":false},"excerpt":{"rendered":"<p>U utorak, 16. travnja za vrijeme ve\u010dernje sv. Mise, na\u0161i budu\u0107i krizmanici imat \u0107e susret s djeliteljem krizme, mons. [&hellip;]<\/p>\n","protected":false},"author":1,"featured_media":0,"comment_status":"closed","ping_status":"closed","sticky":false,"template":"","format":"standard","meta":{"footnotes":""},"categories":[1],"tags":[],"class_list":["post-155","post","type-post","status-publish","format-standard","hentry","category-novosti-iz-zupe"],"aioseo_notices":[],"_links":{"self":[{"href":"https:\/\/www.zupa-ubdm-biskupec.hr\/index.php?rest_route=\/wp\/v2\/posts\/155","targetHints":{"allow":["GET"]}}],"collection":[{"href":"https:\/\/www.zupa-ubdm-biskupec.hr\/index.php?rest_route=\/wp\/v2\/posts"}],"about":[{"href":"https:\/\/www.zupa-ubdm-biskupec.hr\/index.php?rest_route=\/wp\/v2\/types\/post"}],"author":[{"embeddable":true,"href":"https:\/\/www.zupa-ubdm-biskupec.hr\/index.php?rest_route=\/wp\/v2\/users\/1"}],"replies":[{"embeddable":true,"href":"https:\/\/www.zupa-ubdm-biskupec.hr\/index.php?rest_route=%2Fwp%2Fv2%2Fcomments&post=155"}],"version-history":[{"count":1,"href":"https:\/\/www.zupa-ubdm-biskupec.hr\/index.php?rest_route=\/wp\/v2\/posts\/155\/revisions"}],"predecessor-version":[{"id":594,"href":"https:\/\/www.zupa-ubdm-biskupec.hr\/index.php?rest_route=\/wp\/v2\/posts\/155\/revisions\/594"}],"wp:attachment":[{"href":"https:\/\/www.zupa-ubdm-biskupec.hr\/index.php?rest_route=%2Fwp%2Fv2%2Fmedia&parent=155"}],"wp:term":[{"taxonomy":"category","embeddable":true,"href":"https:\/\/www.zupa-ubdm-biskupec.hr\/index.php?rest_route=%2Fwp%2Fv2%2Fcategories&post=155"},{"taxonomy":"post_tag","embeddable":true,"href":"https:\/\/www.zupa-ubdm-biskupec.hr\/index.php?rest_route=%2Fwp%2Fv2%2Ftags&post=155"}],"curies":[{"name":"wp","href":"https:\/\/api.w.org\/{rel}","templated":true}]}}