


{"id":1541,"date":"2015-09-11T11:47:23","date_gmt":"2015-09-11T09:47:23","guid":{"rendered":"http:\/\/www.zupa-ubdm-biskupec.hr\/?p=1541"},"modified":"2015-09-11T11:55:35","modified_gmt":"2015-09-11T09:55:35","slug":"godina-zajednistva-u-zupi","status":"publish","type":"post","link":"https:\/\/www.zupa-ubdm-biskupec.hr\/?p=1541","title":{"rendered":"GODINA ZAJEDNI\u0160TVA U \u017dUPI"},"content":{"rendered":"<p><a href=\"https:\/\/www.zupa-ubdm-biskupec.hr\/wp-content\/uploads\/2015\/09\/zajednistvo.jpg\"><img fetchpriority=\"high\" decoding=\"async\" class=\"alignleft wp-image-1548 size-full\" src=\"https:\/\/www.zupa-ubdm-biskupec.hr\/wp-content\/uploads\/2015\/09\/zajednistvo.jpg\" alt=\"zajednistvo\" width=\"265\" height=\"219\" \/><\/a>S po\u010detkom nove \u0161kolske\/pastoralne godine u na\u0161oj \u017dupi zapo\u010dela je <strong>Godina zajedni\u0161tva<\/strong>. Kroz idu\u0107ih godinu dana <strong>putem susreta, katehezi i propovijedi<\/strong> razmi\u0161ljat \u0107emo o evan\u0111eoskim temeljima zajedni\u0161tva. A na svima nama je te temelje prihvatiti i za\u017eivjeti u svakodnevnom \u017eivotu.<\/p>\n","protected":false},"excerpt":{"rendered":"<p>S po\u010detkom nove \u0161kolske\/pastoralne godine u na\u0161oj \u017dupi zapo\u010dela je Godina zajedni\u0161tva. Kroz idu\u0107ih godinu dana putem susreta, katehezi [&hellip;]<\/p>\n","protected":false},"author":1,"featured_media":0,"comment_status":"closed","ping_status":"closed","sticky":false,"template":"","format":"standard","meta":{"footnotes":""},"categories":[1],"tags":[],"class_list":["post-1541","post","type-post","status-publish","format-standard","hentry","category-novosti-iz-zupe"],"aioseo_notices":[],"_links":{"self":[{"href":"https:\/\/www.zupa-ubdm-biskupec.hr\/index.php?rest_route=\/wp\/v2\/posts\/1541","targetHints":{"allow":["GET"]}}],"collection":[{"href":"https:\/\/www.zupa-ubdm-biskupec.hr\/index.php?rest_route=\/wp\/v2\/posts"}],"about":[{"href":"https:\/\/www.zupa-ubdm-biskupec.hr\/index.php?rest_route=\/wp\/v2\/types\/post"}],"author":[{"embeddable":true,"href":"https:\/\/www.zupa-ubdm-biskupec.hr\/index.php?rest_route=\/wp\/v2\/users\/1"}],"replies":[{"embeddable":true,"href":"https:\/\/www.zupa-ubdm-biskupec.hr\/index.php?rest_route=%2Fwp%2Fv2%2Fcomments&post=1541"}],"version-history":[{"count":4,"href":"https:\/\/www.zupa-ubdm-biskupec.hr\/index.php?rest_route=\/wp\/v2\/posts\/1541\/revisions"}],"predecessor-version":[{"id":1551,"href":"https:\/\/www.zupa-ubdm-biskupec.hr\/index.php?rest_route=\/wp\/v2\/posts\/1541\/revisions\/1551"}],"wp:attachment":[{"href":"https:\/\/www.zupa-ubdm-biskupec.hr\/index.php?rest_route=%2Fwp%2Fv2%2Fmedia&parent=1541"}],"wp:term":[{"taxonomy":"category","embeddable":true,"href":"https:\/\/www.zupa-ubdm-biskupec.hr\/index.php?rest_route=%2Fwp%2Fv2%2Fcategories&post=1541"},{"taxonomy":"post_tag","embeddable":true,"href":"https:\/\/www.zupa-ubdm-biskupec.hr\/index.php?rest_route=%2Fwp%2Fv2%2Ftags&post=1541"}],"curies":[{"name":"wp","href":"https:\/\/api.w.org\/{rel}","templated":true}]}}