


{"id":147,"date":"2013-03-23T20:18:58","date_gmt":"2013-03-23T19:18:58","guid":{"rendered":"http:\/\/www.zupa-biskupec.com\/w_p\/?p=147"},"modified":"2014-03-29T10:27:41","modified_gmt":"2014-03-29T09:27:41","slug":"veliki-tjedan","status":"publish","type":"post","link":"https:\/\/www.zupa-ubdm-biskupec.hr\/?p=147","title":{"rendered":"VELIKI TJEDAN"},"content":{"rendered":"<p><img decoding=\"async\" src=\"images\/crkva\/006%20copy.jpg\" border=\"0\" width=\"200\" height=\"133\" style=\"border: 1px solid black;\" \/><\/p>\n<p>Kroz <strong>Veliku subotu<\/strong>, mo\u0107i \u0107ete do\u0107i u crkvu, <strong>pokloniti se <\/strong>kod<strong> Bo\u017ejega groba.<\/strong><\/p>\n<p><img decoding=\"async\" src=\"images\/images\/svijeca.jpg\" border=\"0\" width=\"113\" height=\"200\" style=\"border: 1px solid black;\" \/><br \/>Prema ve\u0107 uhodanoj tradiciji, <strong>za bdjenje Velike subote<\/strong>, mo\u0107i \u0107ete nabaviti <strong>svije\u0107e ispred crkve<\/strong>. Va\u0161 dobrovoljni prilog za te svije\u0107e, i\u0107i \u0107e za potrebe <strong>Caritasovoga doma za djecu s cerebralnom paralizom u \u010cakovcu.<\/strong><\/p>\n<p>Na <strong>kraju Vazmenoga bdjenja<\/strong>, bit \u0107e <strong>uskrsna procesija sa svije\u0107ama oko crkve.<\/strong> U slu\u010daju lo\u0161eg vremena, procesije ne\u0107e biti. Stoga molite za lijepo vrijeme.<\/p>\n","protected":false},"excerpt":{"rendered":"<p>Kroz Veliku subotu, mo\u0107i \u0107ete do\u0107i u crkvu, pokloniti se kod Bo\u017ejega groba. Prema ve\u0107 uhodanoj tradiciji, za bdjenje [&hellip;]<\/p>\n","protected":false},"author":1,"featured_media":0,"comment_status":"closed","ping_status":"closed","sticky":false,"template":"","format":"standard","meta":{"footnotes":""},"categories":[1],"tags":[],"class_list":["post-147","post","type-post","status-publish","format-standard","hentry","category-novosti-iz-zupe"],"aioseo_notices":[],"_links":{"self":[{"href":"https:\/\/www.zupa-ubdm-biskupec.hr\/index.php?rest_route=\/wp\/v2\/posts\/147","targetHints":{"allow":["GET"]}}],"collection":[{"href":"https:\/\/www.zupa-ubdm-biskupec.hr\/index.php?rest_route=\/wp\/v2\/posts"}],"about":[{"href":"https:\/\/www.zupa-ubdm-biskupec.hr\/index.php?rest_route=\/wp\/v2\/types\/post"}],"author":[{"embeddable":true,"href":"https:\/\/www.zupa-ubdm-biskupec.hr\/index.php?rest_route=\/wp\/v2\/users\/1"}],"replies":[{"embeddable":true,"href":"https:\/\/www.zupa-ubdm-biskupec.hr\/index.php?rest_route=%2Fwp%2Fv2%2Fcomments&post=147"}],"version-history":[{"count":2,"href":"https:\/\/www.zupa-ubdm-biskupec.hr\/index.php?rest_route=\/wp\/v2\/posts\/147\/revisions"}],"predecessor-version":[{"id":716,"href":"https:\/\/www.zupa-ubdm-biskupec.hr\/index.php?rest_route=\/wp\/v2\/posts\/147\/revisions\/716"}],"wp:attachment":[{"href":"https:\/\/www.zupa-ubdm-biskupec.hr\/index.php?rest_route=%2Fwp%2Fv2%2Fmedia&parent=147"}],"wp:term":[{"taxonomy":"category","embeddable":true,"href":"https:\/\/www.zupa-ubdm-biskupec.hr\/index.php?rest_route=%2Fwp%2Fv2%2Fcategories&post=147"},{"taxonomy":"post_tag","embeddable":true,"href":"https:\/\/www.zupa-ubdm-biskupec.hr\/index.php?rest_route=%2Fwp%2Fv2%2Ftags&post=147"}],"curies":[{"name":"wp","href":"https:\/\/api.w.org\/{rel}","templated":true}]}}