


{"id":1403,"date":"2015-05-29T09:07:42","date_gmt":"2015-05-29T07:07:42","guid":{"rendered":"http:\/\/www.zupa-ubdm-biskupec.hr\/?p=1403"},"modified":"2015-05-29T09:10:16","modified_gmt":"2015-05-29T07:10:16","slug":"tijelovo-u-katedrali","status":"publish","type":"post","link":"https:\/\/www.zupa-ubdm-biskupec.hr\/?p=1403","title":{"rendered":"TIJELOVO U KATEDRALI"},"content":{"rendered":"<div style=\"width: 310px\" class=\"wp-caption alignnone\"><a href=\"http:\/\/www.biskupija-varazdinska.hr\"><img fetchpriority=\"high\" decoding=\"async\" src=\"http:\/\/www.biskupija-varazdinska.hr\/userdocsimages\/images\/stories\/2013\/Mise\/Tijelovo_Varazdin1.jpg\" alt=\"\" width=\"300\" height=\"204\" \/><\/a><p class=\"wp-caption-text\">foto: http:\/\/www.biskupija-varazdinska.hr<\/p><\/div>\n<p>Kao\u00a0\u00a0 i\u00a0\u00a0 svake\u00a0\u00a0 godine,\u00a0\u00a0 <strong>sredi\u0161nje\u00a0\u00a0 misno\u00a0\u00a0 slavelje\u00a0\u00a0 povodom svetkovine Tijelova<\/strong> i tijelovska procesija za vjernike grada Vara\u017edina, bit \u0107e u katedrali s po\u010detkom <strong>u 10 sati<\/strong>. Sv. Misu predvodit \u0107e vara\u017edinski biskup mons. Josip Mrzljak.<\/p>\n","protected":false},"excerpt":{"rendered":"<p>Kao\u00a0\u00a0 i\u00a0\u00a0 svake\u00a0\u00a0 godine,\u00a0\u00a0 sredi\u0161nje\u00a0\u00a0 misno\u00a0\u00a0 slavelje\u00a0\u00a0 povodom svetkovine Tijelova i tijelovska procesija za vjernike grada Vara\u017edina, bit \u0107e [&hellip;]<\/p>\n","protected":false},"author":1,"featured_media":0,"comment_status":"closed","ping_status":"closed","sticky":false,"template":"","format":"standard","meta":{"footnotes":""},"categories":[1],"tags":[],"class_list":["post-1403","post","type-post","status-publish","format-standard","hentry","category-novosti-iz-zupe"],"aioseo_notices":[],"_links":{"self":[{"href":"https:\/\/www.zupa-ubdm-biskupec.hr\/index.php?rest_route=\/wp\/v2\/posts\/1403","targetHints":{"allow":["GET"]}}],"collection":[{"href":"https:\/\/www.zupa-ubdm-biskupec.hr\/index.php?rest_route=\/wp\/v2\/posts"}],"about":[{"href":"https:\/\/www.zupa-ubdm-biskupec.hr\/index.php?rest_route=\/wp\/v2\/types\/post"}],"author":[{"embeddable":true,"href":"https:\/\/www.zupa-ubdm-biskupec.hr\/index.php?rest_route=\/wp\/v2\/users\/1"}],"replies":[{"embeddable":true,"href":"https:\/\/www.zupa-ubdm-biskupec.hr\/index.php?rest_route=%2Fwp%2Fv2%2Fcomments&post=1403"}],"version-history":[{"count":5,"href":"https:\/\/www.zupa-ubdm-biskupec.hr\/index.php?rest_route=\/wp\/v2\/posts\/1403\/revisions"}],"predecessor-version":[{"id":1408,"href":"https:\/\/www.zupa-ubdm-biskupec.hr\/index.php?rest_route=\/wp\/v2\/posts\/1403\/revisions\/1408"}],"wp:attachment":[{"href":"https:\/\/www.zupa-ubdm-biskupec.hr\/index.php?rest_route=%2Fwp%2Fv2%2Fmedia&parent=1403"}],"wp:term":[{"taxonomy":"category","embeddable":true,"href":"https:\/\/www.zupa-ubdm-biskupec.hr\/index.php?rest_route=%2Fwp%2Fv2%2Fcategories&post=1403"},{"taxonomy":"post_tag","embeddable":true,"href":"https:\/\/www.zupa-ubdm-biskupec.hr\/index.php?rest_route=%2Fwp%2Fv2%2Ftags&post=1403"}],"curies":[{"name":"wp","href":"https:\/\/api.w.org\/{rel}","templated":true}]}}