


{"id":1401,"date":"2015-05-29T08:57:59","date_gmt":"2015-05-29T06:57:59","guid":{"rendered":"http:\/\/www.zupa-ubdm-biskupec.hr\/?p=1401"},"modified":"2015-05-29T09:11:29","modified_gmt":"2015-05-29T07:11:29","slug":"u-jalkovcu-od-6-mjeseca-mise-nece-biti-svirane","status":"publish","type":"post","link":"https:\/\/www.zupa-ubdm-biskupec.hr\/?p=1401","title":{"rendered":"U JALKOVCU OD 6. MJESECA MISE NE\u0106E BITI SVIRANE"},"content":{"rendered":"<p>Ove godine uo\u010dili smo znatno manji broj misnih nakana za sv. Mise u Jalkovcu. Tra\u017ee\u0107i uzrok tome, zaklju\u010dili smo da se, uglavnom, radi o skupo\u0107i. Zbog toga je <strong>na Pastoralnom vije\u0107u odlu\u010deno<\/strong> da sv. Mise u Jalkovcu od po\u010detka 6. mjeseca vi\u0161e <strong>ne\u0107e biti svirane<\/strong>, s izuzetkom korizmenih srijeda kada je pobo\u017enost kri\u017enoga puta. Ukoliko netko \u017eeli da sv. Misa ipak bude svirana, neka se javi orgulja\u0161u Filipu ili zvonaru kod upisa nakana.<\/p>\n","protected":false},"excerpt":{"rendered":"<p>Ove godine uo\u010dili smo znatno manji broj misnih nakana za sv. Mise u Jalkovcu. Tra\u017ee\u0107i uzrok tome, zaklju\u010dili smo [&hellip;]<\/p>\n","protected":false},"author":1,"featured_media":0,"comment_status":"closed","ping_status":"closed","sticky":false,"template":"","format":"standard","meta":{"footnotes":""},"categories":[1],"tags":[],"class_list":["post-1401","post","type-post","status-publish","format-standard","hentry","category-novosti-iz-zupe"],"aioseo_notices":[],"_links":{"self":[{"href":"https:\/\/www.zupa-ubdm-biskupec.hr\/index.php?rest_route=\/wp\/v2\/posts\/1401","targetHints":{"allow":["GET"]}}],"collection":[{"href":"https:\/\/www.zupa-ubdm-biskupec.hr\/index.php?rest_route=\/wp\/v2\/posts"}],"about":[{"href":"https:\/\/www.zupa-ubdm-biskupec.hr\/index.php?rest_route=\/wp\/v2\/types\/post"}],"author":[{"embeddable":true,"href":"https:\/\/www.zupa-ubdm-biskupec.hr\/index.php?rest_route=\/wp\/v2\/users\/1"}],"replies":[{"embeddable":true,"href":"https:\/\/www.zupa-ubdm-biskupec.hr\/index.php?rest_route=%2Fwp%2Fv2%2Fcomments&post=1401"}],"version-history":[{"count":2,"href":"https:\/\/www.zupa-ubdm-biskupec.hr\/index.php?rest_route=\/wp\/v2\/posts\/1401\/revisions"}],"predecessor-version":[{"id":1409,"href":"https:\/\/www.zupa-ubdm-biskupec.hr\/index.php?rest_route=\/wp\/v2\/posts\/1401\/revisions\/1409"}],"wp:attachment":[{"href":"https:\/\/www.zupa-ubdm-biskupec.hr\/index.php?rest_route=%2Fwp%2Fv2%2Fmedia&parent=1401"}],"wp:term":[{"taxonomy":"category","embeddable":true,"href":"https:\/\/www.zupa-ubdm-biskupec.hr\/index.php?rest_route=%2Fwp%2Fv2%2Fcategories&post=1401"},{"taxonomy":"post_tag","embeddable":true,"href":"https:\/\/www.zupa-ubdm-biskupec.hr\/index.php?rest_route=%2Fwp%2Fv2%2Ftags&post=1401"}],"curies":[{"name":"wp","href":"https:\/\/api.w.org\/{rel}","templated":true}]}}