


{"id":106,"date":"2012-04-15T12:00:00","date_gmt":"2012-04-15T10:00:00","guid":{"rendered":"http:\/\/www.zupa-biskupec.com\/w_p\/?p=106"},"modified":"2014-03-12T11:48:27","modified_gmt":"2014-03-12T10:48:27","slug":"sveta-potvrda","status":"publish","type":"post","link":"https:\/\/www.zupa-ubdm-biskupec.hr\/?p=106","title":{"rendered":"SVETA POTVRDA"},"content":{"rendered":"<p><img decoding=\"async\" src=\"images\/krizma.jpg\" border=\"0\" \/><\/p>\n<p><strong>Ove subote, 21. 4. 2012., u na\u0161oj \u017eupi bit \u0107e sve\u010danost podjeljivanja sakramenta Svete Potvrde. Djelitelj \u0107e biti na\u0161 biskup, mons. Josip Mrzljak. Sve\u010danost zapo\u010dinje u 10 sati.<br \/><\/strong><\/p>\n","protected":false},"excerpt":{"rendered":"<p>Ove subote, 21. 4. 2012., u na\u0161oj \u017eupi bit \u0107e sve\u010danost podjeljivanja sakramenta Svete Potvrde. Djelitelj \u0107e biti na\u0161 [&hellip;]<\/p>\n","protected":false},"author":1,"featured_media":0,"comment_status":"closed","ping_status":"closed","sticky":false,"template":"","format":"standard","meta":{"footnotes":""},"categories":[1],"tags":[],"class_list":["post-106","post","type-post","status-publish","format-standard","hentry","category-novosti-iz-zupe"],"aioseo_notices":[],"_links":{"self":[{"href":"https:\/\/www.zupa-ubdm-biskupec.hr\/index.php?rest_route=\/wp\/v2\/posts\/106","targetHints":{"allow":["GET"]}}],"collection":[{"href":"https:\/\/www.zupa-ubdm-biskupec.hr\/index.php?rest_route=\/wp\/v2\/posts"}],"about":[{"href":"https:\/\/www.zupa-ubdm-biskupec.hr\/index.php?rest_route=\/wp\/v2\/types\/post"}],"author":[{"embeddable":true,"href":"https:\/\/www.zupa-ubdm-biskupec.hr\/index.php?rest_route=\/wp\/v2\/users\/1"}],"replies":[{"embeddable":true,"href":"https:\/\/www.zupa-ubdm-biskupec.hr\/index.php?rest_route=%2Fwp%2Fv2%2Fcomments&post=106"}],"version-history":[{"count":1,"href":"https:\/\/www.zupa-ubdm-biskupec.hr\/index.php?rest_route=\/wp\/v2\/posts\/106\/revisions"}],"predecessor-version":[{"id":534,"href":"https:\/\/www.zupa-ubdm-biskupec.hr\/index.php?rest_route=\/wp\/v2\/posts\/106\/revisions\/534"}],"wp:attachment":[{"href":"https:\/\/www.zupa-ubdm-biskupec.hr\/index.php?rest_route=%2Fwp%2Fv2%2Fmedia&parent=106"}],"wp:term":[{"taxonomy":"category","embeddable":true,"href":"https:\/\/www.zupa-ubdm-biskupec.hr\/index.php?rest_route=%2Fwp%2Fv2%2Fcategories&post=106"},{"taxonomy":"post_tag","embeddable":true,"href":"https:\/\/www.zupa-ubdm-biskupec.hr\/index.php?rest_route=%2Fwp%2Fv2%2Ftags&post=106"}],"curies":[{"name":"wp","href":"https:\/\/api.w.org\/{rel}","templated":true}]}}